{"id":78441,"date":"2025-09-01T20:54:17","date_gmt":"2025-09-01T20:54:17","guid":{"rendered":"https:\/\/elterritorialweb.com.ar\/web\/?p=78441"},"modified":"2025-09-01T20:54:19","modified_gmt":"2025-09-01T20:54:19","slug":"lionel-messi-ya-esta-en-argentina-para-la-doble-fecha-de-eliminatorias","status":"publish","type":"post","link":"https:\/\/elterritorialweb.com.ar\/web\/lionel-messi-ya-esta-en-argentina-para-la-doble-fecha-de-eliminatorias\/","title":{"rendered":"LIONEL MESSI YA EST\u00c1 EN ARGENTINA PARA LA DOBLE FECHA DE ELIMINATORIAS"},"content":{"rendered":"\n<p>Tras la derrota de Inter Miami frente a Seattle Sounders en la final de la Leagues Cup, el capit\u00e1n albiceleste se incorporar\u00e1 a los entrenamientos desde las 18 horas en el predio de Ezeiza, bajo las \u00f3rdenes de Lionel Scaloni. El primer compromiso ser\u00e1 este jueves en el estadio Monumental frente a la Vinotinto.<\/p>\n\n\n\n<p>Durante el fin de semana tambi\u00e9n arribaron al pa\u00eds otros jugadores convocados, como Juli\u00e1n \u00c1lvarez, Nahuel Molina, Giuliano Simeone, Thiago Almada y Cristian \u201cCuti\u201d Romero, y en las pr\u00f3ximas horas se completar\u00e1 la llegada del resto del plantel.<\/p>\n\n\n\n<p>Con la presencia de Messi y la base del equipo campe\u00f3n del mundo, la Argentina afrontar\u00e1 una nueva doble fecha de Eliminatorias con el objetivo de afianzarse en lo m\u00e1s alto de la tabla y acercarse al gran desaf\u00edo: la clasificaci\u00f3n al Mundial 2026.<\/p>\n","protected":false},"excerpt":{"rendered":"<p>Lionel Messi lleg\u00f3 este lunes al pa\u00eds junto a su familia para sumarse a la Selecci\u00f3n Argentina, que se prepara para los duelos ante Venezuela y Ecuador por las Eliminatorias Sudamericanas rumbo al Mundial 2026.<\/p>\n","protected":false},"author":2,"featured_media":78444,"comment_status":"open","ping_status":"open","sticky":false,"template":"","format":"standard","meta":{"om_disable_all_campaigns":false,"_monsterinsights_skip_tracking":false,"_monsterinsights_sitenote_active":false,"_monsterinsights_sitenote_note":"","_monsterinsights_sitenote_category":0,"_uf_show_specific_survey":0,"_uf_disable_surveys":false,"jetpack_post_was_ever_published":false,"_jetpack_newsletter_access":"","_jetpack_dont_email_post_to_subs":false,"_jetpack_newsletter_tier_id":0,"_jetpack_memberships_contains_paywalled_content":false,"_jetpack_memberships_contains_paid_content":false,"footnotes":"","jetpack_publicize_message":"","jetpack_publicize_feature_enabled":true,"jetpack_social_post_already_shared":true,"jetpack_social_options":{"image_generator_settings":{"template":"highway","default_image_id":0,"font":"","enabled":false},"version":2}},"categories":[6,4],"tags":[647,90,55],"class_list":["post-78441","post","type-post","status-publish","format-standard","has-post-thumbnail","hentry","category-deportes","category-destacadas","tag-eliminatorias-sudamericanas","tag-lionel-messi","tag-seleccion-argentina-de-futbol"],"aioseo_notices":[],"views":46,"jetpack_publicize_connections":[],"jetpack_featured_media_url":"https:\/\/i0.wp.com\/elterritorialweb.com.ar\/web\/wp-content\/uploads\/2025\/09\/20250901_173655-2.jpg?fit=1366%2C1276&ssl=1","jetpack_sharing_enabled":true,"_links":{"self":[{"href":"https:\/\/elterritorialweb.com.ar\/web\/wp-json\/wp\/v2\/posts\/78441","targetHints":{"allow":["GET"]}}],"collection":[{"href":"https:\/\/elterritorialweb.com.ar\/web\/wp-json\/wp\/v2\/posts"}],"about":[{"href":"https:\/\/elterritorialweb.com.ar\/web\/wp-json\/wp\/v2\/types\/post"}],"author":[{"embeddable":true,"href":"https:\/\/elterritorialweb.com.ar\/web\/wp-json\/wp\/v2\/users\/2"}],"replies":[{"embeddable":true,"href":"https:\/\/elterritorialweb.com.ar\/web\/wp-json\/wp\/v2\/comments?post=78441"}],"version-history":[{"count":1,"href":"https:\/\/elterritorialweb.com.ar\/web\/wp-json\/wp\/v2\/posts\/78441\/revisions"}],"predecessor-version":[{"id":78445,"href":"https:\/\/elterritorialweb.com.ar\/web\/wp-json\/wp\/v2\/posts\/78441\/revisions\/78445"}],"wp:featuredmedia":[{"embeddable":true,"href":"https:\/\/elterritorialweb.com.ar\/web\/wp-json\/wp\/v2\/media\/78444"}],"wp:attachment":[{"href":"https:\/\/elterritorialweb.com.ar\/web\/wp-json\/wp\/v2\/media?parent=78441"}],"wp:term":[{"taxonomy":"category","embeddable":true,"href":"https:\/\/elterritorialweb.com.ar\/web\/wp-json\/wp\/v2\/categories?post=78441"},{"taxonomy":"post_tag","embeddable":true,"href":"https:\/\/elterritorialweb.com.ar\/web\/wp-json\/wp\/v2\/tags?post=78441"}],"curies":[{"name":"wp","href":"https:\/\/api.w.org\/{rel}","templated":true}]}}