{"id":78460,"date":"2025-09-03T11:30:26","date_gmt":"2025-09-03T11:30:26","guid":{"rendered":"https:\/\/elterritorialweb.com.ar\/web\/?p=78460"},"modified":"2025-09-03T11:30:28","modified_gmt":"2025-09-03T11:30:28","slug":"alejandro-veliz-llega-a-estados-unidos-y-proyecta-su-guaracha-al-mundo","status":"publish","type":"post","link":"https:\/\/elterritorialweb.com.ar\/web\/alejandro-veliz-llega-a-estados-unidos-y-proyecta-su-guaracha-al-mundo\/","title":{"rendered":"ALEJANDRO V\u00c9LIZ LLEGA A ESTADOS UNIDOS Y PROYECTA SU GUARACHA AL MUNDO"},"content":{"rendered":"\n<p>Con un estilo que lo posicion\u00f3 como referente de la guaracha, V\u00e9liz se propone expandir los l\u00edmites de este g\u00e9nero y compartir con nuevas audiencias la energ\u00eda, pasi\u00f3n y ritmo que lo caracterizan.<\/p>\n\n\n\n<p>El tour incluye presentaciones en Manhattan, Florida, Miami, New Jersey, Los \u00c1ngeles, Nueva York y Virginia, donde el artista desplegar\u00e1 todo su talento en escenarios que prometen vibrar al comp\u00e1s de su m\u00fasica.<\/p>\n\n\n\n<p>Con esta gira internacional, V\u00e9liz consolida su proyecci\u00f3n art\u00edstica y reafirma su compromiso de expandir la guaracha m\u00e1s all\u00e1 de las fronteras. \u201cLa guaracha ser\u00e1 internacional\u201d, destac\u00f3 en sus redes sociales, marcando el esp\u00edritu de esta nueva etapa en su carrera.<\/p>\n\n\n\n<p>Su desembarco en Estados Unidos representa no solo un paso importante en lo personal, sino tambi\u00e9n la oportunidad de llevar la m\u00fasica popular santiague\u00f1a a un nivel m\u00e1s amplio, reafirmando la vigencia y proyecci\u00f3n cultural de este estilo que trasciende fronteras.<\/p>\n\n\n\n<figure class=\"wp-block-image size-full\"><a href=\"https:\/\/i0.wp.com\/elterritorialweb.com.ar\/web\/wp-content\/uploads\/2025\/09\/1000150436.jpg?ssl=1\"><img data-recalc-dims=\"1\" decoding=\"async\" width=\"640\" height=\"537\" data-src=\"https:\/\/i0.wp.com\/elterritorialweb.com.ar\/web\/wp-content\/uploads\/2025\/09\/1000150436.jpg?resize=640%2C537&#038;ssl=1\" alt=\"\" class=\"wp-image-78462 lazyload\" data-srcset=\"https:\/\/i0.wp.com\/elterritorialweb.com.ar\/web\/wp-content\/uploads\/2025\/09\/1000150436.jpg?w=940&amp;ssl=1 940w, https:\/\/i0.wp.com\/elterritorialweb.com.ar\/web\/wp-content\/uploads\/2025\/09\/1000150436.jpg?resize=300%2C251&amp;ssl=1 300w, https:\/\/i0.wp.com\/elterritorialweb.com.ar\/web\/wp-content\/uploads\/2025\/09\/1000150436.jpg?resize=768%2C644&amp;ssl=1 768w\" data-sizes=\"(max-width: 640px) 100vw, 640px\" src=\"data:image\/svg+xml;base64,PHN2ZyB3aWR0aD0iMSIgaGVpZ2h0PSIxIiB4bWxucz0iaHR0cDovL3d3dy53My5vcmcvMjAwMC9zdmciPjwvc3ZnPg==\" style=\"--smush-placeholder-width: 640px; --smush-placeholder-aspect-ratio: 640\/537;\" \/><\/a><\/figure>\n","protected":false},"excerpt":{"rendered":"<p>El reconocido artista Alejandro V\u00e9liz, conocido como El Majestuoso, inicia una nueva etapa en su carrera desde el 23 de diciembre, con la llegada a Estados Unidos, donde buscar\u00e1 conquistar escenarios internacionales con su m\u00fasica.<\/p>\n","protected":false},"author":2,"featured_media":78461,"comment_status":"open","ping_status":"open","sticky":false,"template":"","format":"standard","meta":{"om_disable_all_campaigns":false,"_monsterinsights_skip_tracking":false,"_monsterinsights_sitenote_active":false,"_monsterinsights_sitenote_note":"","_monsterinsights_sitenote_category":0,"_uf_show_specific_survey":0,"_uf_disable_surveys":false,"jetpack_post_was_ever_published":false,"_jetpack_newsletter_access":"","_jetpack_dont_email_post_to_subs":false,"_jetpack_newsletter_tier_id":0,"_jetpack_memberships_contains_paywalled_content":false,"_jetpack_memberships_contains_paid_content":false,"footnotes":"","jetpack_publicize_message":"","jetpack_publicize_feature_enabled":true,"jetpack_social_post_already_shared":true,"jetpack_social_options":{"image_generator_settings":{"template":"highway","default_image_id":0,"font":"","enabled":false},"version":2}},"categories":[4,20],"tags":[1476,1477],"class_list":["post-78460","post","type-post","status-publish","format-standard","has-post-thumbnail","hentry","category-destacadas","category-especysociales","tag-alejandro-veliz","tag-guaracha-santiaguena"],"aioseo_notices":[],"views":104,"jetpack_publicize_connections":[],"jetpack_featured_media_url":"https:\/\/i0.wp.com\/elterritorialweb.com.ar\/web\/wp-content\/uploads\/2025\/09\/Screenshot_20250903_082825_Instagram.jpg?fit=1080%2C1085&ssl=1","jetpack_sharing_enabled":true,"_links":{"self":[{"href":"https:\/\/elterritorialweb.com.ar\/web\/wp-json\/wp\/v2\/posts\/78460","targetHints":{"allow":["GET"]}}],"collection":[{"href":"https:\/\/elterritorialweb.com.ar\/web\/wp-json\/wp\/v2\/posts"}],"about":[{"href":"https:\/\/elterritorialweb.com.ar\/web\/wp-json\/wp\/v2\/types\/post"}],"author":[{"embeddable":true,"href":"https:\/\/elterritorialweb.com.ar\/web\/wp-json\/wp\/v2\/users\/2"}],"replies":[{"embeddable":true,"href":"https:\/\/elterritorialweb.com.ar\/web\/wp-json\/wp\/v2\/comments?post=78460"}],"version-history":[{"count":1,"href":"https:\/\/elterritorialweb.com.ar\/web\/wp-json\/wp\/v2\/posts\/78460\/revisions"}],"predecessor-version":[{"id":78463,"href":"https:\/\/elterritorialweb.com.ar\/web\/wp-json\/wp\/v2\/posts\/78460\/revisions\/78463"}],"wp:featuredmedia":[{"embeddable":true,"href":"https:\/\/elterritorialweb.com.ar\/web\/wp-json\/wp\/v2\/media\/78461"}],"wp:attachment":[{"href":"https:\/\/elterritorialweb.com.ar\/web\/wp-json\/wp\/v2\/media?parent=78460"}],"wp:term":[{"taxonomy":"category","embeddable":true,"href":"https:\/\/elterritorialweb.com.ar\/web\/wp-json\/wp\/v2\/categories?post=78460"},{"taxonomy":"post_tag","embeddable":true,"href":"https:\/\/elterritorialweb.com.ar\/web\/wp-json\/wp\/v2\/tags?post=78460"}],"curies":[{"name":"wp","href":"https:\/\/api.w.org\/{rel}","templated":true}]}}