{"id":78465,"date":"2025-09-03T13:11:19","date_gmt":"2025-09-03T13:11:19","guid":{"rendered":"https:\/\/elterritorialweb.com.ar\/web\/?p=78465"},"modified":"2025-09-03T13:11:21","modified_gmt":"2025-09-03T13:11:21","slug":"la-unse-y-la-escuela-de-artes-y-oficios-se-suman-a-la-obra-del-padre-pepe","status":"publish","type":"post","link":"https:\/\/elterritorialweb.com.ar\/web\/la-unse-y-la-escuela-de-artes-y-oficios-se-suman-a-la-obra-del-padre-pepe\/","title":{"rendered":"LA UNSE Y LA ESCUELA DE ARTES Y OFICIOS SE SUMAN A LA OBRA DEL PADRE \u00abPEPE\u00bb"},"content":{"rendered":"\n<p>El rector de la UNSE, H\u00e9ctor Paz; la directora de la Escuela de Artes y Oficios, Eve Liz Coronel; y el presidente de la Federaci\u00f3n de Centros Barriales Familia Grande Hogar de Cristo, el padre \u201cPepe\u201d, rubricaron los acuerdos que permitir\u00e1n el desarrollo de cursos de capacitaci\u00f3n y la colaboraci\u00f3n en acciones educativas, sociales y culturales.<\/p>\n\n\n\n<p>Durante el encuentro, Paz dio la bienvenida al sacerdote y destac\u00f3 el valor de que la universidad se comprometa activamente con la realidad social: \u201cSe trata de generar mejoras en la vida de los j\u00f3venes\u201d, afirm\u00f3. En esa l\u00ednea, record\u00f3 la iniciativa del papa Francisco de convocar a las universidades a reflexionar sobre su rol social, enfatizando el pedido de \u201cformar en el coraz\u00f3n, en la mente y en el hacer\u201d.<\/p>\n\n\n\n<p>Por su parte, el padre \u201cPepe\u201d subray\u00f3 que el convenio ser\u00e1 de gran beneficio para el programa de recuperaci\u00f3n de j\u00f3venes que atraviesan problemas de consumo de drogas. Asimismo, agradeci\u00f3 el respaldo no solo de la universidad, sino tambi\u00e9n del Obispado, la Provincia, instituciones y profesionales que acompa\u00f1an el trabajo en la ciudad de La Banda y el barrio Saint Germ\u00e9s de la capital santiague\u00f1a.<\/p>\n\n\n\n<p>Finalmente, Coronel expres\u00f3 que \u201ces un d\u00eda de celebraci\u00f3n porque ponemos en actos el rol social de la UNSE y de la Escuela, brindando formaci\u00f3n a una instituci\u00f3n tan querida y valorada que lleva adelante el padre Pepe\u201d.<\/p>\n\n\n\n<p>Con estos acuerdos, la UNSE reafirma su compromiso con la construcci\u00f3n de pol\u00edticas p\u00fablicas inclusivas y con el fortalecimiento de la educaci\u00f3n como herramienta de transformaci\u00f3n social.<\/p>\n","protected":false},"excerpt":{"rendered":"<p>En un acto cargado de compromiso social, la Universidad Nacional de Santiago del Estero (UNSE) y la Escuela de Artes y Oficios formalizaron su acompa\u00f1amiento a la obra del sacerdote Jos\u00e9 Mar\u00eda \u201cPepe\u201d Di Paola, a trav\u00e9s de la firma de importantes convenios destinados a fortalecer la inclusi\u00f3n social y educativa de personas en situaci\u00f3n de vulnerabilidad.<\/p>\n","protected":false},"author":2,"featured_media":78466,"comment_status":"open","ping_status":"open","sticky":false,"template":"","format":"standard","meta":{"om_disable_all_campaigns":false,"_monsterinsights_skip_tracking":false,"_monsterinsights_sitenote_active":false,"_monsterinsights_sitenote_note":"","_monsterinsights_sitenote_category":0,"_uf_show_specific_survey":0,"_uf_disable_surveys":false,"jetpack_post_was_ever_published":false,"_jetpack_newsletter_access":"","_jetpack_dont_email_post_to_subs":false,"_jetpack_newsletter_tier_id":0,"_jetpack_memberships_contains_paywalled_content":false,"_jetpack_memberships_contains_paid_content":false,"footnotes":"","jetpack_publicize_message":"","jetpack_publicize_feature_enabled":true,"jetpack_social_post_already_shared":true,"jetpack_social_options":{"image_generator_settings":{"template":"highway","default_image_id":0,"font":"","enabled":false},"version":2}},"categories":[4,19],"tags":[659,74],"class_list":["post-78465","post","type-post","status-publish","format-standard","has-post-thumbnail","hentry","category-destacadas","category-educacion","tag-padre-pepe","tag-unse"],"aioseo_notices":[],"views":17,"jetpack_publicize_connections":[],"jetpack_featured_media_url":"https:\/\/i0.wp.com\/elterritorialweb.com.ar\/web\/wp-content\/uploads\/2025\/09\/IMG-20250903-WA0021.jpg?fit=1024%2C683&ssl=1","jetpack_sharing_enabled":true,"_links":{"self":[{"href":"https:\/\/elterritorialweb.com.ar\/web\/wp-json\/wp\/v2\/posts\/78465","targetHints":{"allow":["GET"]}}],"collection":[{"href":"https:\/\/elterritorialweb.com.ar\/web\/wp-json\/wp\/v2\/posts"}],"about":[{"href":"https:\/\/elterritorialweb.com.ar\/web\/wp-json\/wp\/v2\/types\/post"}],"author":[{"embeddable":true,"href":"https:\/\/elterritorialweb.com.ar\/web\/wp-json\/wp\/v2\/users\/2"}],"replies":[{"embeddable":true,"href":"https:\/\/elterritorialweb.com.ar\/web\/wp-json\/wp\/v2\/comments?post=78465"}],"version-history":[{"count":1,"href":"https:\/\/elterritorialweb.com.ar\/web\/wp-json\/wp\/v2\/posts\/78465\/revisions"}],"predecessor-version":[{"id":78467,"href":"https:\/\/elterritorialweb.com.ar\/web\/wp-json\/wp\/v2\/posts\/78465\/revisions\/78467"}],"wp:featuredmedia":[{"embeddable":true,"href":"https:\/\/elterritorialweb.com.ar\/web\/wp-json\/wp\/v2\/media\/78466"}],"wp:attachment":[{"href":"https:\/\/elterritorialweb.com.ar\/web\/wp-json\/wp\/v2\/media?parent=78465"}],"wp:term":[{"taxonomy":"category","embeddable":true,"href":"https:\/\/elterritorialweb.com.ar\/web\/wp-json\/wp\/v2\/categories?post=78465"},{"taxonomy":"post_tag","embeddable":true,"href":"https:\/\/elterritorialweb.com.ar\/web\/wp-json\/wp\/v2\/tags?post=78465"}],"curies":[{"name":"wp","href":"https:\/\/api.w.org\/{rel}","templated":true}]}}