{"id":78533,"date":"2025-09-04T18:35:24","date_gmt":"2025-09-04T18:35:24","guid":{"rendered":"https:\/\/elterritorialweb.com.ar\/web\/?p=78533"},"modified":"2025-09-04T18:35:25","modified_gmt":"2025-09-04T18:35:25","slug":"zamora-recibio-a-autoridades-de-la-uia-para-fortalecer-el-desarrollo-industrial-en-santiago-del-estero","status":"publish","type":"post","link":"https:\/\/elterritorialweb.com.ar\/web\/zamora-recibio-a-autoridades-de-la-uia-para-fortalecer-el-desarrollo-industrial-en-santiago-del-estero\/","title":{"rendered":"ZAMORA RECIBI\u00d3 A AUTORIDADES DE LA UIA PARA FORTALECER EL DESARROLLO INDUSTRIAL EN SANTIAGO DEL ESTERO"},"content":{"rendered":"\n<p>Durante la reuni\u00f3n, se puso en valor el trabajo que viene llevando adelante Santiago del Estero para impulsar el desarrollo industrial, no solo en la provincia sino tambi\u00e9n en el marco regional del Norte Grande.<\/p>\n\n\n\n<p>En la ocasi\u00f3n, se avanz\u00f3 en una agenda conjunta con la UIA con el objetivo de acompa\u00f1ar el crecimiento productivo, atraer nuevas inversiones y generar mayores oportunidades para los santiague\u00f1os.<\/p>\n\n\n\n<p>De la comitiva de la UIA participaron el vicepresidente de la Peque\u00f1a y Mediana Industria y titular de la Asociaci\u00f3n de Industriales Metal\u00fargicos de la Rep\u00fablica Argentina (Admira), Elio del Re; el director ejecutivo de la entidad, Diego Coatz; el director de Comunicaci\u00f3n y Relaciones Institucionales, Ignacio Duelo; y el director del CEU\/UIA, Pablo Drag\u00fan.<\/p>\n\n\n\n<figure class=\"wp-block-image size-large\"><a href=\"https:\/\/i0.wp.com\/elterritorialweb.com.ar\/web\/wp-content\/uploads\/2025\/09\/FB_IMG_1757010805117.jpg\"><img data-recalc-dims=\"1\" decoding=\"async\" width=\"640\" height=\"427\" data-src=\"https:\/\/i0.wp.com\/elterritorialweb.com.ar\/web\/wp-content\/uploads\/2025\/09\/FB_IMG_1757010805117.jpg?resize=640%2C427\" alt=\"\" class=\"wp-image-78535 lazyload\" data-srcset=\"https:\/\/i0.wp.com\/elterritorialweb.com.ar\/web\/wp-content\/uploads\/2025\/09\/FB_IMG_1757010805117.jpg?resize=1024%2C683&amp;ssl=1 1024w, https:\/\/i0.wp.com\/elterritorialweb.com.ar\/web\/wp-content\/uploads\/2025\/09\/FB_IMG_1757010805117.jpg?resize=300%2C200&amp;ssl=1 300w, https:\/\/i0.wp.com\/elterritorialweb.com.ar\/web\/wp-content\/uploads\/2025\/09\/FB_IMG_1757010805117.jpg?resize=768%2C512&amp;ssl=1 768w, https:\/\/i0.wp.com\/elterritorialweb.com.ar\/web\/wp-content\/uploads\/2025\/09\/FB_IMG_1757010805117.jpg?resize=1536%2C1025&amp;ssl=1 1536w, https:\/\/i0.wp.com\/elterritorialweb.com.ar\/web\/wp-content\/uploads\/2025\/09\/FB_IMG_1757010805117.jpg?w=2048&amp;ssl=1 2048w, https:\/\/i0.wp.com\/elterritorialweb.com.ar\/web\/wp-content\/uploads\/2025\/09\/FB_IMG_1757010805117.jpg?w=1280 1280w, https:\/\/i0.wp.com\/elterritorialweb.com.ar\/web\/wp-content\/uploads\/2025\/09\/FB_IMG_1757010805117.jpg?w=1920 1920w\" data-sizes=\"(max-width: 640px) 100vw, 640px\" src=\"data:image\/svg+xml;base64,PHN2ZyB3aWR0aD0iMSIgaGVpZ2h0PSIxIiB4bWxucz0iaHR0cDovL3d3dy53My5vcmcvMjAwMC9zdmciPjwvc3ZnPg==\" style=\"--smush-placeholder-width: 640px; --smush-placeholder-aspect-ratio: 640\/427;\" \/><\/a><\/figure>\n\n\n\n<p>Asimismo, estuvieron presentes el presidente de la Uni\u00f3n Industrial de Santiago del Estero, Jos\u00e9 Mar\u00eda Cantos, y el tesorero de la organizaci\u00f3n local, Ricardo Lo Bruno, quienes acompa\u00f1aron la reuni\u00f3n en representaci\u00f3n del sector industrial provincial.<\/p>\n\n\n\n<p>La visita ratific\u00f3 el compromiso conjunto entre el Gobierno provincial y la UIA para potenciar la matriz productiva de Santiago del Estero y fortalecer la integraci\u00f3n regional.<\/p>\n\n\n\n<p><\/p>\n","protected":false},"excerpt":{"rendered":"<p>El gobernador Gerardo Zamora recibi\u00f3 en Casa de Gobierno a autoridades de la Uni\u00f3n Industrial Argentina (UIA), en un encuentro encabezado por el presidente de la entidad, Mart\u00edn Rappallini. <\/p>\n","protected":false},"author":2,"featured_media":78534,"comment_status":"open","ping_status":"open","sticky":false,"template":"","format":"standard","meta":{"om_disable_all_campaigns":false,"_monsterinsights_skip_tracking":false,"_monsterinsights_sitenote_active":false,"_monsterinsights_sitenote_note":"","_monsterinsights_sitenote_category":0,"_uf_show_specific_survey":0,"_uf_disable_surveys":false,"jetpack_post_was_ever_published":false,"_jetpack_newsletter_access":"","_jetpack_dont_email_post_to_subs":false,"_jetpack_newsletter_tier_id":0,"_jetpack_memberships_contains_paywalled_content":false,"_jetpack_memberships_contains_paid_content":false,"footnotes":"","jetpack_publicize_message":"","jetpack_publicize_feature_enabled":true,"jetpack_social_post_already_shared":true,"jetpack_social_options":{"image_generator_settings":{"template":"highway","default_image_id":0,"font":"","enabled":false},"version":2}},"categories":[4,21],"tags":[],"class_list":["post-78533","post","type-post","status-publish","format-standard","has-post-thumbnail","hentry","category-destacadas","category-locales"],"aioseo_notices":[],"views":13,"jetpack_publicize_connections":[],"jetpack_featured_media_url":"https:\/\/i0.wp.com\/elterritorialweb.com.ar\/web\/wp-content\/uploads\/2025\/09\/FB_IMG_1757010800226.jpg?fit=2048%2C1364&ssl=1","jetpack_sharing_enabled":true,"_links":{"self":[{"href":"https:\/\/elterritorialweb.com.ar\/web\/wp-json\/wp\/v2\/posts\/78533","targetHints":{"allow":["GET"]}}],"collection":[{"href":"https:\/\/elterritorialweb.com.ar\/web\/wp-json\/wp\/v2\/posts"}],"about":[{"href":"https:\/\/elterritorialweb.com.ar\/web\/wp-json\/wp\/v2\/types\/post"}],"author":[{"embeddable":true,"href":"https:\/\/elterritorialweb.com.ar\/web\/wp-json\/wp\/v2\/users\/2"}],"replies":[{"embeddable":true,"href":"https:\/\/elterritorialweb.com.ar\/web\/wp-json\/wp\/v2\/comments?post=78533"}],"version-history":[{"count":1,"href":"https:\/\/elterritorialweb.com.ar\/web\/wp-json\/wp\/v2\/posts\/78533\/revisions"}],"predecessor-version":[{"id":78536,"href":"https:\/\/elterritorialweb.com.ar\/web\/wp-json\/wp\/v2\/posts\/78533\/revisions\/78536"}],"wp:featuredmedia":[{"embeddable":true,"href":"https:\/\/elterritorialweb.com.ar\/web\/wp-json\/wp\/v2\/media\/78534"}],"wp:attachment":[{"href":"https:\/\/elterritorialweb.com.ar\/web\/wp-json\/wp\/v2\/media?parent=78533"}],"wp:term":[{"taxonomy":"category","embeddable":true,"href":"https:\/\/elterritorialweb.com.ar\/web\/wp-json\/wp\/v2\/categories?post=78533"},{"taxonomy":"post_tag","embeddable":true,"href":"https:\/\/elterritorialweb.com.ar\/web\/wp-json\/wp\/v2\/tags?post=78533"}],"curies":[{"name":"wp","href":"https:\/\/api.w.org\/{rel}","templated":true}]}}