{"id":78538,"date":"2025-09-04T19:07:29","date_gmt":"2025-09-04T19:07:29","guid":{"rendered":"https:\/\/elterritorialweb.com.ar\/web\/?p=78538"},"modified":"2025-09-04T19:07:31","modified_gmt":"2025-09-04T19:07:31","slug":"la-banda-se-prepara-para-la-2-edicion-de-la-maraton-la-banda-corre","status":"publish","type":"post","link":"https:\/\/elterritorialweb.com.ar\/web\/la-banda-se-prepara-para-la-2-edicion-de-la-maraton-la-banda-corre\/","title":{"rendered":"LA BANDA SE PREPARA PARA LA 2\u00b0 EDICI\u00d3N DE LA MARAT\u00d3N \u00abLA BANDA CORRE\u00bb"},"content":{"rendered":"\n<p><br>El evento deportivo contar\u00e1 con dos circuitos: 5K participativo: desde la largada hasta la estaci\u00f3n de servicio Axi\u00f3n (Av. Paul Harris), con regreso y finalizaci\u00f3n frente a la Iglesia Santiago Ap\u00f3stol; 10K competitivo: recorrer\u00e1 Av. Belgrano hasta Paul Harris, regreso por Av. Belgrano y desv\u00edo por Rep\u00fablica del L\u00edbano, continuando por calle Andes, Necochea, Lavalle y Besares hasta la llegada.<\/p>\n\n\n\n<p>El intendente Nediani destac\u00f3: \u201cEste evento no solo promueve el deporte y la vida saludable, sino que tambi\u00e9n fortalece el sentido de comunidad. Queremos que sea una fiesta para todas las familias bande\u00f1as, con participaci\u00f3n de corredores locales y de distintas provincias, que prestigian esta carrera con su presencia\u201d.<\/p>\n\n\n\n<p>La competencia contar\u00e1 con la participaci\u00f3n de atletas de \u00e9lite de Buenos Aires, Tucum\u00e1n, Catamarca, y otros puntos del pa\u00eds, entre ellos integrantes del equipo Adidas, lo que garantiza un nivel deportivo de excelencia.<\/p>\n\n\n\n<p>Premiaci\u00f3n 10K General: 1\u00ba puesto: $250.000; 2\u00ba puesto: $200.000; 3\u00ba puesto: $150.000; 4\u00ba puesto: $100.000; 5\u00ba puesto: $50.000<\/p>\n\n\n\n<p>Las inscripciones pueden realizarse de manera presencial en la Escuela de Programaci\u00f3n y Rob\u00f3tica, sita en Av. Besares Y S\u00e1enz Pe\u00f1a, o a trav\u00e9s del siguiente formulario, <a href=\"https:\/\/forms.gle\/F8WGZr7nWHZfFWYA8\">https:\/\/forms.gle\/F8WGZr7nWHZfFWYA8<\/a><\/p>\n\n\n\n<p>Los d\u00edas 19 y 20 de septiembre se realizar\u00e1n las acreditaciones y entrega de kits en la Escuela de Rob\u00f3tica, de 9 a 21 (viernes) y de 9 a 18 (s\u00e1bado).<\/p>\n\n\n\n<p>Siendo el domingo 21 de septiembre el d\u00eda de la carrera, durante estas tres jornadas, los vecinos podr\u00e1n disfrutar de feria de emprendedores, juegos, m\u00fasica, sorteos y premios.<\/p>\n\n\n\n<p>Finalmente, el intendente <strong>Nediani<\/strong> expres\u00f3: <em>\u201cInvitamos a todos los vecinos y vecinas a sumarse, ya sea corriendo, acompa\u00f1ando o participando de las actividades. Queremos que La Banda Corre se convierta en un cl\u00e1sico que ponga en valor a nuestra ciudad y al deporte como herramienta de integraci\u00f3n\u201d.<\/em><\/p>\n\n\n\n<p>Cabe destacar, que desde la organizaci\u00f3n se anunci\u00f3 que dentro de este convocante evento se dar\u00e1 lugar a una \u201cCaminata integrativa e inclusiva\u201d de 2 kil\u00f3metros de recorrido que ser\u00e1 libre y gratuita para todos los que deseen participar.<\/p>\n","protected":false},"excerpt":{"rendered":"<p>La Municipalidad de La Banda, por iniciativa del intendente Ing. Roger El\u00edas Nediani, invita a toda la comunidad a participar de la segunda edici\u00f3n de la \u201cLa Banda Corre\u201d, que se desarrollar\u00e1 el pr\u00f3ximo domingo 21 de septiembre, con largada puntual a las 8 desde la intersecci\u00f3n de Av. Belgrano y Pedro Le\u00f3n Gallo.<\/p>\n","protected":false},"author":2,"featured_media":78539,"comment_status":"open","ping_status":"open","sticky":false,"template":"","format":"standard","meta":{"om_disable_all_campaigns":false,"_monsterinsights_skip_tracking":false,"_monsterinsights_sitenote_active":false,"_monsterinsights_sitenote_note":"","_monsterinsights_sitenote_category":0,"_uf_show_specific_survey":0,"_uf_disable_surveys":false,"jetpack_post_was_ever_published":false,"_jetpack_newsletter_access":"","_jetpack_dont_email_post_to_subs":false,"_jetpack_newsletter_tier_id":0,"_jetpack_memberships_contains_paywalled_content":false,"_jetpack_memberships_contains_paid_content":false,"footnotes":"","jetpack_publicize_message":"","jetpack_publicize_feature_enabled":true,"jetpack_social_post_already_shared":true,"jetpack_social_options":{"image_generator_settings":{"template":"highway","default_image_id":0,"font":"","enabled":false},"version":2}},"categories":[9,4],"tags":[1479,71],"class_list":["post-78538","post","type-post","status-publish","format-standard","has-post-thumbnail","hentry","category-banda","category-destacadas","tag-la-banda-corre","tag-municipalidad-de-la-banda"],"aioseo_notices":[],"views":30,"jetpack_publicize_connections":[],"jetpack_featured_media_url":"https:\/\/i0.wp.com\/elterritorialweb.com.ar\/web\/wp-content\/uploads\/2025\/09\/IMG-20250904-WA0016.jpg?fit=1408%2C869&ssl=1","jetpack_sharing_enabled":true,"_links":{"self":[{"href":"https:\/\/elterritorialweb.com.ar\/web\/wp-json\/wp\/v2\/posts\/78538","targetHints":{"allow":["GET"]}}],"collection":[{"href":"https:\/\/elterritorialweb.com.ar\/web\/wp-json\/wp\/v2\/posts"}],"about":[{"href":"https:\/\/elterritorialweb.com.ar\/web\/wp-json\/wp\/v2\/types\/post"}],"author":[{"embeddable":true,"href":"https:\/\/elterritorialweb.com.ar\/web\/wp-json\/wp\/v2\/users\/2"}],"replies":[{"embeddable":true,"href":"https:\/\/elterritorialweb.com.ar\/web\/wp-json\/wp\/v2\/comments?post=78538"}],"version-history":[{"count":1,"href":"https:\/\/elterritorialweb.com.ar\/web\/wp-json\/wp\/v2\/posts\/78538\/revisions"}],"predecessor-version":[{"id":78540,"href":"https:\/\/elterritorialweb.com.ar\/web\/wp-json\/wp\/v2\/posts\/78538\/revisions\/78540"}],"wp:featuredmedia":[{"embeddable":true,"href":"https:\/\/elterritorialweb.com.ar\/web\/wp-json\/wp\/v2\/media\/78539"}],"wp:attachment":[{"href":"https:\/\/elterritorialweb.com.ar\/web\/wp-json\/wp\/v2\/media?parent=78538"}],"wp:term":[{"taxonomy":"category","embeddable":true,"href":"https:\/\/elterritorialweb.com.ar\/web\/wp-json\/wp\/v2\/categories?post=78538"},{"taxonomy":"post_tag","embeddable":true,"href":"https:\/\/elterritorialweb.com.ar\/web\/wp-json\/wp\/v2\/tags?post=78538"}],"curies":[{"name":"wp","href":"https:\/\/api.w.org\/{rel}","templated":true}]}}