{"id":79052,"date":"2025-09-23T21:32:32","date_gmt":"2025-09-23T21:32:32","guid":{"rendered":"https:\/\/elterritorialweb.com.ar\/web\/?p=79052"},"modified":"2025-09-23T21:32:35","modified_gmt":"2025-09-23T21:32:35","slug":"caputo-hablo-tras-el-encuentro-un-gesto-de-respaldo-muy-importante-para-la-argentina","status":"publish","type":"post","link":"https:\/\/elterritorialweb.com.ar\/web\/caputo-hablo-tras-el-encuentro-un-gesto-de-respaldo-muy-importante-para-la-argentina\/","title":{"rendered":"CAPUTO HABL\u00d3 TRAS EL ENCUENTRO: \u00abUN GESTO DE RESPALDO MUY IMPORTANTE PARA LA ARGENTINA \u00ab"},"content":{"rendered":"\n<p>Caputo destac\u00f3 que la reuni\u00f3n representa<em> \u201cun gesto de respaldo muy importante para la Argentina\u201d<\/em>, en un contexto en el que el Gobierno busca consolidar lazos estrat\u00e9gicos con figuras de peso mundial. Subray\u00f3 adem\u00e1s que el v\u00ednculo con Trump refuerza el posicionamiento de Milei en el plano internacional y constituye una se\u00f1al de confianza hacia el rumbo econ\u00f3mico que impulsa la actual gesti\u00f3n.<\/p>\n\n\n\n<p><em>\u201cEl presidente Milei est\u00e1 demostrando que la Argentina vuelve a tener un rol protag\u00f3nico en el escenario global. El apoyo de un l\u00edder como Donald Trump es una muestra clara de que nuestras pol\u00edticas generan inter\u00e9s y credibilidad\u201d, <\/em>afirm\u00f3 el titular del Palacio de Hacienda.<\/p>\n\n\n\n<p>Asimismo, Caputo insisti\u00f3 en que el respaldo internacional es clave para sostener las medidas econ\u00f3micas en marcha y remarc\u00f3 que el objetivo central sigue siendo estabilizar la macroeconom\u00eda, atraer inversiones y generar confianza en los mercados.<\/p>\n\n\n\n<p>El encuentro entre Milei y Trump, del que a\u00fan contin\u00faan difundi\u00e9ndose im\u00e1genes y repercusiones, se suma a la estrategia del Gobierno de proyectar a la Argentina como un pa\u00eds abierto al mundo, con un discurso de alineamiento hacia las principales potencias econ\u00f3micas.<\/p>\n","protected":false},"excerpt":{"rendered":"<p>El ministro de Econom\u00eda, Luis Caputo, se refiri\u00f3 en las \u00faltimas horas al encuentro que mantuvieron el presidente Javier Milei y el exmandatario estadounidense Donald Trump, un hecho que gener\u00f3 gran repercusi\u00f3n en la agenda pol\u00edtica y medi\u00e1tica internacional.<\/p>\n","protected":false},"author":2,"featured_media":79054,"comment_status":"open","ping_status":"open","sticky":false,"template":"","format":"standard","meta":{"om_disable_all_campaigns":false,"_monsterinsights_skip_tracking":false,"_monsterinsights_sitenote_active":false,"_monsterinsights_sitenote_note":"","_monsterinsights_sitenote_category":0,"_uf_show_specific_survey":0,"_uf_disable_surveys":false,"jetpack_post_was_ever_published":false,"_jetpack_newsletter_access":"","_jetpack_dont_email_post_to_subs":false,"_jetpack_newsletter_tier_id":0,"_jetpack_memberships_contains_paywalled_content":false,"_jetpack_memberships_contains_paid_content":false,"footnotes":"","jetpack_publicize_message":"","jetpack_publicize_feature_enabled":true,"jetpack_social_post_already_shared":true,"jetpack_social_options":{"image_generator_settings":{"template":"highway","default_image_id":0,"font":"","enabled":false},"version":2}},"categories":[4,7],"tags":[926,92,801],"class_list":["post-79052","post","type-post","status-publish","format-standard","has-post-thumbnail","hentry","category-destacadas","category-nacionales","tag-donald-trump","tag-javier-milei","tag-luis-caputo"],"aioseo_notices":[],"views":15,"jetpack_publicize_connections":[],"jetpack_featured_media_url":"https:\/\/i0.wp.com\/elterritorialweb.com.ar\/web\/wp-content\/uploads\/2025\/09\/Screenshot_20250923_183113_ChatGPT.jpg?fit=1080%2C554&ssl=1","jetpack_sharing_enabled":true,"_links":{"self":[{"href":"https:\/\/elterritorialweb.com.ar\/web\/wp-json\/wp\/v2\/posts\/79052","targetHints":{"allow":["GET"]}}],"collection":[{"href":"https:\/\/elterritorialweb.com.ar\/web\/wp-json\/wp\/v2\/posts"}],"about":[{"href":"https:\/\/elterritorialweb.com.ar\/web\/wp-json\/wp\/v2\/types\/post"}],"author":[{"embeddable":true,"href":"https:\/\/elterritorialweb.com.ar\/web\/wp-json\/wp\/v2\/users\/2"}],"replies":[{"embeddable":true,"href":"https:\/\/elterritorialweb.com.ar\/web\/wp-json\/wp\/v2\/comments?post=79052"}],"version-history":[{"count":1,"href":"https:\/\/elterritorialweb.com.ar\/web\/wp-json\/wp\/v2\/posts\/79052\/revisions"}],"predecessor-version":[{"id":79055,"href":"https:\/\/elterritorialweb.com.ar\/web\/wp-json\/wp\/v2\/posts\/79052\/revisions\/79055"}],"wp:featuredmedia":[{"embeddable":true,"href":"https:\/\/elterritorialweb.com.ar\/web\/wp-json\/wp\/v2\/media\/79054"}],"wp:attachment":[{"href":"https:\/\/elterritorialweb.com.ar\/web\/wp-json\/wp\/v2\/media?parent=79052"}],"wp:term":[{"taxonomy":"category","embeddable":true,"href":"https:\/\/elterritorialweb.com.ar\/web\/wp-json\/wp\/v2\/categories?post=79052"},{"taxonomy":"post_tag","embeddable":true,"href":"https:\/\/elterritorialweb.com.ar\/web\/wp-json\/wp\/v2\/tags?post=79052"}],"curies":[{"name":"wp","href":"https:\/\/api.w.org\/{rel}","templated":true}]}}