{"id":79056,"date":"2025-09-23T21:45:05","date_gmt":"2025-09-23T21:45:05","guid":{"rendered":"https:\/\/elterritorialweb.com.ar\/web\/?p=79056"},"modified":"2025-09-23T21:46:39","modified_gmt":"2025-09-23T21:46:39","slug":"trump-destaco-su-encuentro-con-milei-y-ratifico-su-apoyo-a-la-argentina","status":"publish","type":"post","link":"https:\/\/elterritorialweb.com.ar\/web\/trump-destaco-su-encuentro-con-milei-y-ratifico-su-apoyo-a-la-argentina\/","title":{"rendered":"TRUMP DESTAC\u00d3 SU ENCUENTRO CON MILEI Y RATIFIC\u00d3 SU APOYO A LA ARGENTINA"},"content":{"rendered":"\n<p>El presidente de Estados Unidos, Donald Trump, se refiri\u00f3 al encuentro que mantuvo recientemente con el presidente Javier Milei y lo calific\u00f3 como \u201cmuy positivo y alentador\u201d. En declaraciones posteriores a la reuni\u00f3n, el l\u00edder republicano elogi\u00f3 la visi\u00f3n del mandatario argentino y asegur\u00f3 que \u201cArgentina est\u00e1 en el camino correcto\u201d.<\/p>\n\n\n\n<p>Trump destac\u00f3 la firmeza de Milei para llevar adelante las reformas econ\u00f3micas y pol\u00edticas en su pa\u00eds, y remarc\u00f3 que \u201ccon liderazgo y determinaci\u00f3n, la Argentina puede recuperar su grandeza\u201d. Adem\u00e1s, expres\u00f3 su respaldo personal al rumbo que est\u00e1 tomando el Gobierno argentino y no descart\u00f3 futuras colaboraciones bilaterales.<\/p>\n\n\n\n<p>\u201cEl presidente Milei est\u00e1 haciendo un trabajo incre\u00edble en circunstancias muy dif\u00edciles. Tiene mi apoyo total y creo que lograr\u00e1 cosas muy importantes para su pa\u00eds\u201d, afirm\u00f3 Trump tras la reuni\u00f3n.<\/p>\n\n\n\n<p>El encuentro entre ambos dirigentes gener\u00f3 gran expectativa en el plano internacional, ya que se trat\u00f3 de una muestra de acercamiento pol\u00edtico y de respaldo hacia las medidas que impulsa la administraci\u00f3n argentina.<\/p>\n","protected":false},"excerpt":{"rendered":"<p>\u201cMilei tiene mi respaldo completo para la reelecci\u00f3n\u201d dijo el mandatario norteamericano<\/p>\n","protected":false},"author":2,"featured_media":79057,"comment_status":"open","ping_status":"open","sticky":false,"template":"","format":"standard","meta":{"om_disable_all_campaigns":false,"_monsterinsights_skip_tracking":false,"_monsterinsights_sitenote_active":false,"_monsterinsights_sitenote_note":"","_monsterinsights_sitenote_category":0,"_uf_show_specific_survey":0,"_uf_disable_surveys":false,"jetpack_post_was_ever_published":false,"_jetpack_newsletter_access":"","_jetpack_dont_email_post_to_subs":false,"_jetpack_newsletter_tier_id":0,"_jetpack_memberships_contains_paywalled_content":false,"_jetpack_memberships_contains_paid_content":false,"footnotes":"","jetpack_publicize_message":"","jetpack_publicize_feature_enabled":true,"jetpack_social_post_already_shared":true,"jetpack_social_options":{"image_generator_settings":{"template":"highway","default_image_id":0,"font":"","enabled":false},"version":2}},"categories":[4,7],"tags":[926,92],"class_list":["post-79056","post","type-post","status-publish","format-standard","has-post-thumbnail","hentry","category-destacadas","category-nacionales","tag-donald-trump","tag-javier-milei"],"aioseo_notices":[],"views":12,"jetpack_publicize_connections":[],"jetpack_featured_media_url":"https:\/\/i0.wp.com\/elterritorialweb.com.ar\/web\/wp-content\/uploads\/2025\/09\/Screenshot_20250923_180221_ChatGPT.jpg?fit=1080%2C2340&ssl=1","jetpack_sharing_enabled":true,"_links":{"self":[{"href":"https:\/\/elterritorialweb.com.ar\/web\/wp-json\/wp\/v2\/posts\/79056","targetHints":{"allow":["GET"]}}],"collection":[{"href":"https:\/\/elterritorialweb.com.ar\/web\/wp-json\/wp\/v2\/posts"}],"about":[{"href":"https:\/\/elterritorialweb.com.ar\/web\/wp-json\/wp\/v2\/types\/post"}],"author":[{"embeddable":true,"href":"https:\/\/elterritorialweb.com.ar\/web\/wp-json\/wp\/v2\/users\/2"}],"replies":[{"embeddable":true,"href":"https:\/\/elterritorialweb.com.ar\/web\/wp-json\/wp\/v2\/comments?post=79056"}],"version-history":[{"count":1,"href":"https:\/\/elterritorialweb.com.ar\/web\/wp-json\/wp\/v2\/posts\/79056\/revisions"}],"predecessor-version":[{"id":79058,"href":"https:\/\/elterritorialweb.com.ar\/web\/wp-json\/wp\/v2\/posts\/79056\/revisions\/79058"}],"wp:featuredmedia":[{"embeddable":true,"href":"https:\/\/elterritorialweb.com.ar\/web\/wp-json\/wp\/v2\/media\/79057"}],"wp:attachment":[{"href":"https:\/\/elterritorialweb.com.ar\/web\/wp-json\/wp\/v2\/media?parent=79056"}],"wp:term":[{"taxonomy":"category","embeddable":true,"href":"https:\/\/elterritorialweb.com.ar\/web\/wp-json\/wp\/v2\/categories?post=79056"},{"taxonomy":"post_tag","embeddable":true,"href":"https:\/\/elterritorialweb.com.ar\/web\/wp-json\/wp\/v2\/tags?post=79056"}],"curies":[{"name":"wp","href":"https:\/\/api.w.org\/{rel}","templated":true}]}}