{"id":79059,"date":"2025-09-23T21:55:48","date_gmt":"2025-09-23T21:55:48","guid":{"rendered":"https:\/\/elterritorialweb.com.ar\/web\/?p=79059"},"modified":"2025-09-23T21:55:51","modified_gmt":"2025-09-23T21:55:51","slug":"la-cotizacion-del-dolar-en-argentina-el-23-de-septiembre-de-2025-una-jornada-de-descenso-en-el-mercado-cambiario","status":"publish","type":"post","link":"https:\/\/elterritorialweb.com.ar\/web\/la-cotizacion-del-dolar-en-argentina-el-23-de-septiembre-de-2025-una-jornada-de-descenso-en-el-mercado-cambiario\/","title":{"rendered":"LA COTIZACI\u00d3N DEL D\u00d3LAR EN ARGENTINA EL 23 DE SEPTIEMBRE DE 2025: UNA JORNADA DE DESCENSO EN EL MERCADO CAMBIARIO"},"content":{"rendered":"\n<p><strong>Cotizaciones destacadas<\/strong><\/p>\n\n\n\n<p>D\u00f3lar oficial: El tipo de cambio oficial cerr\u00f3 a $1.385 para la venta, registrando una baja respecto al cierre anterior.<\/p>\n\n\n\n<p>D\u00f3lar mayorista: Finaliz\u00f3 a $1.369, con una ca\u00edda del 2,8% respecto al d\u00eda anterior.<\/p>\n\n\n\n<p>D\u00f3lar blue: Oper\u00f3 a $1.390 para la compra y $1.410 para la venta, manteniendo una brecha del 3% con el tipo de cambio oficial mayorista.<\/p>\n\n\n\n<p>D\u00f3lar MEP: Cotiz\u00f3 a $1.400,60, con una diferencia del 1,13% respecto al oficial.<\/p>\n\n\n\n<p>D\u00f3lar CCL (Contado con Liquidaci\u00f3n): Finaliz\u00f3 a $1.411,53, tambi\u00e9n con una brecha frente al tipo de cambio oficial.<\/p>\n\n\n\n<p><strong>Factores que incidieron en la jornada<\/strong><\/p>\n\n\n\n<p>Intervenciones del Banco Central: El gobierno argentino vendi\u00f3 $1.110 millones en tres d\u00edas para sostener el valor de la moneda dentro de un r\u00e9gimen de bandas cambiarias.<\/p>\n\n\n\n<p>Expectativas de apoyo internacional: El secretario del Tesoro de EE. UU., Scott Bessent, declar\u00f3 que su pa\u00eds est\u00e1 dispuesto a hacer \u00ablo que sea necesario\u00bb para ayudar al presidente argentino Javier Milei a estabilizar su econom\u00eda.<\/p>\n\n\n\n<p>La jornada evidenci\u00f3 una tendencia a la baja en las principales cotizaciones del d\u00f3lar en Argentina, influenciada por intervenciones oficiales y expectativas de apoyo financiero internacional. Sin embargo, la diferencia entre el tipo de cambio oficial y los paralelos sigue siendo significativa, reflejando tensiones estructurales en el mercado cambiario.<\/p>\n\n\n\n<p><\/p>\n","protected":false},"excerpt":{"rendered":"<p>El mercado cambiario argentino registr\u00f3 una jornada de descensos en la mayor\u00eda de sus cotizaciones este martes, con el d\u00f3lar oficial y el d\u00f3lar blue experimentando ca\u00eddas significativas. Este comportamiento se enmarca en un contexto de intervenciones oficiales y expectativas de apoyo financiero internacional.<\/p>\n","protected":false},"author":2,"featured_media":65771,"comment_status":"open","ping_status":"open","sticky":false,"template":"","format":"standard","meta":{"om_disable_all_campaigns":false,"_monsterinsights_skip_tracking":false,"_monsterinsights_sitenote_active":false,"_monsterinsights_sitenote_note":"","_monsterinsights_sitenote_category":0,"_uf_show_specific_survey":0,"_uf_disable_surveys":false,"jetpack_post_was_ever_published":false,"_jetpack_newsletter_access":"","_jetpack_dont_email_post_to_subs":false,"_jetpack_newsletter_tier_id":0,"_jetpack_memberships_contains_paywalled_content":false,"_jetpack_memberships_contains_paid_content":false,"footnotes":"","jetpack_publicize_message":"","jetpack_publicize_feature_enabled":true,"jetpack_social_post_already_shared":true,"jetpack_social_options":{"image_generator_settings":{"template":"highway","default_image_id":0,"font":"","enabled":false},"version":2}},"categories":[4,7],"tags":[541],"class_list":["post-79059","post","type-post","status-publish","format-standard","has-post-thumbnail","hentry","category-destacadas","category-nacionales","tag-dolar"],"aioseo_notices":[],"views":14,"jetpack_publicize_connections":[],"jetpack_featured_media_url":"https:\/\/i0.wp.com\/elterritorialweb.com.ar\/web\/wp-content\/uploads\/2024\/05\/dolares.jpg?fit=900%2C660&ssl=1","jetpack_sharing_enabled":true,"_links":{"self":[{"href":"https:\/\/elterritorialweb.com.ar\/web\/wp-json\/wp\/v2\/posts\/79059","targetHints":{"allow":["GET"]}}],"collection":[{"href":"https:\/\/elterritorialweb.com.ar\/web\/wp-json\/wp\/v2\/posts"}],"about":[{"href":"https:\/\/elterritorialweb.com.ar\/web\/wp-json\/wp\/v2\/types\/post"}],"author":[{"embeddable":true,"href":"https:\/\/elterritorialweb.com.ar\/web\/wp-json\/wp\/v2\/users\/2"}],"replies":[{"embeddable":true,"href":"https:\/\/elterritorialweb.com.ar\/web\/wp-json\/wp\/v2\/comments?post=79059"}],"version-history":[{"count":1,"href":"https:\/\/elterritorialweb.com.ar\/web\/wp-json\/wp\/v2\/posts\/79059\/revisions"}],"predecessor-version":[{"id":79060,"href":"https:\/\/elterritorialweb.com.ar\/web\/wp-json\/wp\/v2\/posts\/79059\/revisions\/79060"}],"wp:featuredmedia":[{"embeddable":true,"href":"https:\/\/elterritorialweb.com.ar\/web\/wp-json\/wp\/v2\/media\/65771"}],"wp:attachment":[{"href":"https:\/\/elterritorialweb.com.ar\/web\/wp-json\/wp\/v2\/media?parent=79059"}],"wp:term":[{"taxonomy":"category","embeddable":true,"href":"https:\/\/elterritorialweb.com.ar\/web\/wp-json\/wp\/v2\/categories?post=79059"},{"taxonomy":"post_tag","embeddable":true,"href":"https:\/\/elterritorialweb.com.ar\/web\/wp-json\/wp\/v2\/tags?post=79059"}],"curies":[{"name":"wp","href":"https:\/\/api.w.org\/{rel}","templated":true}]}}