{"id":79259,"date":"2025-09-29T22:13:39","date_gmt":"2025-09-29T22:13:39","guid":{"rendered":"https:\/\/elterritorialweb.com.ar\/web\/?p=79259"},"modified":"2025-09-29T22:13:41","modified_gmt":"2025-09-29T22:13:41","slug":"zamora-inauguro-un-jardin-de-infantes-y-entrego-viviendas-sociales-en-pinto","status":"publish","type":"post","link":"https:\/\/elterritorialweb.com.ar\/web\/zamora-inauguro-un-jardin-de-infantes-y-entrego-viviendas-sociales-en-pinto\/","title":{"rendered":"ZAMORA INAUGUR\u00d3 UN JARD\u00cdN DE INFANTES Y ENTREG\u00d3 VIVIENDAS SOCIALES EN PINTO"},"content":{"rendered":"\n<p>Acompa\u00f1ado por el vicegobernador, Carlos Silva Neder, el jefe de Gabinete, El\u00edas Su\u00e1rez, y los ministros Mariela Nassif (Educaci\u00f3n), \u00c1ngel Niccolai (Desarrollo Social) y Aldo Hid (Obras P\u00fablicas), Zamora fue recibido por el intendente local, Jorge Leguizam\u00f3n, junto a otras autoridades provinciales y municipales.<\/p>\n\n\n\n<figure class=\"wp-block-image size-large\"><a href=\"https:\/\/i0.wp.com\/elterritorialweb.com.ar\/web\/wp-content\/uploads\/2025\/09\/IMG-20250929-WA0063-scaled.jpg\"><img data-recalc-dims=\"1\" decoding=\"async\" width=\"640\" height=\"427\" data-src=\"https:\/\/i0.wp.com\/elterritorialweb.com.ar\/web\/wp-content\/uploads\/2025\/09\/IMG-20250929-WA0063.jpg?resize=640%2C427\" alt=\"\" class=\"wp-image-79263 lazyload\" data-srcset=\"https:\/\/i0.wp.com\/elterritorialweb.com.ar\/web\/wp-content\/uploads\/2025\/09\/IMG-20250929-WA0063-scaled.jpg?resize=1024%2C683&amp;ssl=1 1024w, https:\/\/i0.wp.com\/elterritorialweb.com.ar\/web\/wp-content\/uploads\/2025\/09\/IMG-20250929-WA0063-scaled.jpg?resize=300%2C200&amp;ssl=1 300w, https:\/\/i0.wp.com\/elterritorialweb.com.ar\/web\/wp-content\/uploads\/2025\/09\/IMG-20250929-WA0063-scaled.jpg?resize=768%2C512&amp;ssl=1 768w, https:\/\/i0.wp.com\/elterritorialweb.com.ar\/web\/wp-content\/uploads\/2025\/09\/IMG-20250929-WA0063-scaled.jpg?resize=1536%2C1024&amp;ssl=1 1536w, https:\/\/i0.wp.com\/elterritorialweb.com.ar\/web\/wp-content\/uploads\/2025\/09\/IMG-20250929-WA0063-scaled.jpg?resize=2048%2C1365&amp;ssl=1 2048w, https:\/\/i0.wp.com\/elterritorialweb.com.ar\/web\/wp-content\/uploads\/2025\/09\/IMG-20250929-WA0063-scaled.jpg?w=1280 1280w, https:\/\/i0.wp.com\/elterritorialweb.com.ar\/web\/wp-content\/uploads\/2025\/09\/IMG-20250929-WA0063-scaled.jpg?w=1920 1920w\" data-sizes=\"(max-width: 640px) 100vw, 640px\" src=\"data:image\/svg+xml;base64,PHN2ZyB3aWR0aD0iMSIgaGVpZ2h0PSIxIiB4bWxucz0iaHR0cDovL3d3dy53My5vcmcvMjAwMC9zdmciPjwvc3ZnPg==\" style=\"--smush-placeholder-width: 640px; --smush-placeholder-aspect-ratio: 640\/427;\" \/><\/a><\/figure>\n\n\n\n<p>El recorrido oficial comenz\u00f3 en el domicilio de Marina Coria, donde se concret\u00f3 el corte de cintas y la entrega simb\u00f3lica de llaves a los beneficiarios de las viviendas sociales, construidas con fondos del Ministerio de Desarrollo Social y la colaboraci\u00f3n de la Municipalidad de Pinto.<\/p>\n\n\n\n<figure class=\"wp-block-image size-large\"><a href=\"https:\/\/i0.wp.com\/elterritorialweb.com.ar\/web\/wp-content\/uploads\/2025\/09\/IMG-20250929-WA0058-scaled.jpg\"><img data-recalc-dims=\"1\" decoding=\"async\" width=\"640\" height=\"427\" data-src=\"https:\/\/i0.wp.com\/elterritorialweb.com.ar\/web\/wp-content\/uploads\/2025\/09\/IMG-20250929-WA0058.jpg?resize=640%2C427\" alt=\"\" class=\"wp-image-79260 lazyload\" data-srcset=\"https:\/\/i0.wp.com\/elterritorialweb.com.ar\/web\/wp-content\/uploads\/2025\/09\/IMG-20250929-WA0058-scaled.jpg?resize=1024%2C683&amp;ssl=1 1024w, https:\/\/i0.wp.com\/elterritorialweb.com.ar\/web\/wp-content\/uploads\/2025\/09\/IMG-20250929-WA0058-scaled.jpg?resize=300%2C200&amp;ssl=1 300w, https:\/\/i0.wp.com\/elterritorialweb.com.ar\/web\/wp-content\/uploads\/2025\/09\/IMG-20250929-WA0058-scaled.jpg?resize=768%2C512&amp;ssl=1 768w, https:\/\/i0.wp.com\/elterritorialweb.com.ar\/web\/wp-content\/uploads\/2025\/09\/IMG-20250929-WA0058-scaled.jpg?resize=1536%2C1024&amp;ssl=1 1536w, https:\/\/i0.wp.com\/elterritorialweb.com.ar\/web\/wp-content\/uploads\/2025\/09\/IMG-20250929-WA0058-scaled.jpg?resize=2048%2C1366&amp;ssl=1 2048w, https:\/\/i0.wp.com\/elterritorialweb.com.ar\/web\/wp-content\/uploads\/2025\/09\/IMG-20250929-WA0058-scaled.jpg?w=1280 1280w, https:\/\/i0.wp.com\/elterritorialweb.com.ar\/web\/wp-content\/uploads\/2025\/09\/IMG-20250929-WA0058-scaled.jpg?w=1920 1920w\" data-sizes=\"(max-width: 640px) 100vw, 640px\" src=\"data:image\/svg+xml;base64,PHN2ZyB3aWR0aD0iMSIgaGVpZ2h0PSIxIiB4bWxucz0iaHR0cDovL3d3dy53My5vcmcvMjAwMC9zdmciPjwvc3ZnPg==\" style=\"--smush-placeholder-width: 640px; --smush-placeholder-aspect-ratio: 640\/427;\" \/><\/a><\/figure>\n\n\n\n<p>Posteriormente, el mandatario visit\u00f3 el jard\u00edn de infantes anexo del Colegio \u201cNuestra Se\u00f1ora del Carmen LL 77\u201d, que recibi\u00f3 nuevo equipamiento para garantizar mejores condiciones de ense\u00f1anza. All\u00ed, comparti\u00f3 un emotivo encuentro con los alumnos y docentes encabezados por la directora Patricia Anal\u00eda Porcel.<\/p>\n\n\n\n<p>La actividad central tuvo lugar con la inauguraci\u00f3n del flamante edificio del Jard\u00edn de Infantes Municipal \u201cTravesuras\u201d, de 335 metros cuadrados, que albergar\u00e1 a 75 ni\u00f1os de 3, 4 y 5 a\u00f1os. La obra incluye aulas modernas, un sal\u00f3n de usos m\u00faltiples y espacios pedag\u00f3gicos dise\u00f1ados para atender las necesidades de esta etapa formativa.<\/p>\n\n\n\n<figure class=\"wp-block-image size-large\"><a href=\"https:\/\/i0.wp.com\/elterritorialweb.com.ar\/web\/wp-content\/uploads\/2025\/09\/IMG-20250929-WA0059-scaled.jpg\"><img data-recalc-dims=\"1\" decoding=\"async\" width=\"640\" height=\"427\" data-src=\"https:\/\/i0.wp.com\/elterritorialweb.com.ar\/web\/wp-content\/uploads\/2025\/09\/IMG-20250929-WA0059.jpg?resize=640%2C427\" alt=\"\" class=\"wp-image-79262 lazyload\" data-srcset=\"https:\/\/i0.wp.com\/elterritorialweb.com.ar\/web\/wp-content\/uploads\/2025\/09\/IMG-20250929-WA0059-scaled.jpg?resize=1024%2C683&amp;ssl=1 1024w, https:\/\/i0.wp.com\/elterritorialweb.com.ar\/web\/wp-content\/uploads\/2025\/09\/IMG-20250929-WA0059-scaled.jpg?resize=300%2C200&amp;ssl=1 300w, https:\/\/i0.wp.com\/elterritorialweb.com.ar\/web\/wp-content\/uploads\/2025\/09\/IMG-20250929-WA0059-scaled.jpg?resize=768%2C512&amp;ssl=1 768w, https:\/\/i0.wp.com\/elterritorialweb.com.ar\/web\/wp-content\/uploads\/2025\/09\/IMG-20250929-WA0059-scaled.jpg?resize=1536%2C1024&amp;ssl=1 1536w, https:\/\/i0.wp.com\/elterritorialweb.com.ar\/web\/wp-content\/uploads\/2025\/09\/IMG-20250929-WA0059-scaled.jpg?resize=2048%2C1366&amp;ssl=1 2048w, https:\/\/i0.wp.com\/elterritorialweb.com.ar\/web\/wp-content\/uploads\/2025\/09\/IMG-20250929-WA0059-scaled.jpg?w=1280 1280w, https:\/\/i0.wp.com\/elterritorialweb.com.ar\/web\/wp-content\/uploads\/2025\/09\/IMG-20250929-WA0059-scaled.jpg?w=1920 1920w\" data-sizes=\"(max-width: 640px) 100vw, 640px\" src=\"data:image\/svg+xml;base64,PHN2ZyB3aWR0aD0iMSIgaGVpZ2h0PSIxIiB4bWxucz0iaHR0cDovL3d3dy53My5vcmcvMjAwMC9zdmciPjwvc3ZnPg==\" style=\"--smush-placeholder-width: 640px; --smush-placeholder-aspect-ratio: 640\/427;\" \/><\/a><\/figure>\n\n\n\n<p>En su discurso, Zamora destac\u00f3 la importancia de continuar invirtiendo en infraestructura educativa y en programas sociales que garanticen igualdad de oportunidades: \u201cSeguiremos trabajando para que cada ni\u00f1o, sin importar si vive en la ciudad o en el campo, acceda a una educaci\u00f3n de calidad\u201d.<\/p>\n\n\n\n<p>Asimismo, resalt\u00f3 la vigencia del programa de viviendas sociales que ya super\u00f3 las 32.000 unidades entregadas en toda la provincia, y asegur\u00f3 su continuidad pese al contexto econ\u00f3mico nacional: \u201cEste plan solidario no se va a detener hasta que no quede ninguna familia santiague\u00f1a sin un techo digno\u201d, afirm\u00f3.<\/p>\n\n\n\n<figure class=\"wp-block-image size-large\"><a href=\"https:\/\/i0.wp.com\/elterritorialweb.com.ar\/web\/wp-content\/uploads\/2025\/09\/IMG-20250929-WA0066-scaled.jpg\"><img data-recalc-dims=\"1\" decoding=\"async\" width=\"640\" height=\"427\" data-src=\"https:\/\/i0.wp.com\/elterritorialweb.com.ar\/web\/wp-content\/uploads\/2025\/09\/IMG-20250929-WA0066.jpg?resize=640%2C427\" alt=\"\" class=\"wp-image-79264 lazyload\" data-srcset=\"https:\/\/i0.wp.com\/elterritorialweb.com.ar\/web\/wp-content\/uploads\/2025\/09\/IMG-20250929-WA0066-scaled.jpg?resize=1024%2C683&amp;ssl=1 1024w, https:\/\/i0.wp.com\/elterritorialweb.com.ar\/web\/wp-content\/uploads\/2025\/09\/IMG-20250929-WA0066-scaled.jpg?resize=300%2C200&amp;ssl=1 300w, https:\/\/i0.wp.com\/elterritorialweb.com.ar\/web\/wp-content\/uploads\/2025\/09\/IMG-20250929-WA0066-scaled.jpg?resize=768%2C512&amp;ssl=1 768w, https:\/\/i0.wp.com\/elterritorialweb.com.ar\/web\/wp-content\/uploads\/2025\/09\/IMG-20250929-WA0066-scaled.jpg?resize=1536%2C1024&amp;ssl=1 1536w, https:\/\/i0.wp.com\/elterritorialweb.com.ar\/web\/wp-content\/uploads\/2025\/09\/IMG-20250929-WA0066-scaled.jpg?resize=2048%2C1365&amp;ssl=1 2048w, https:\/\/i0.wp.com\/elterritorialweb.com.ar\/web\/wp-content\/uploads\/2025\/09\/IMG-20250929-WA0066-scaled.jpg?w=1280 1280w, https:\/\/i0.wp.com\/elterritorialweb.com.ar\/web\/wp-content\/uploads\/2025\/09\/IMG-20250929-WA0066-scaled.jpg?w=1920 1920w\" data-sizes=\"(max-width: 640px) 100vw, 640px\" src=\"data:image\/svg+xml;base64,PHN2ZyB3aWR0aD0iMSIgaGVpZ2h0PSIxIiB4bWxucz0iaHR0cDovL3d3dy53My5vcmcvMjAwMC9zdmciPjwvc3ZnPg==\" style=\"--smush-placeholder-width: 640px; --smush-placeholder-aspect-ratio: 640\/427;\" \/><\/a><\/figure>\n\n\n\n<p>Antes de finalizar, el gobernador salud\u00f3 especialmente a los docentes rurales en el marco de su d\u00eda, celebrado el 28 de septiembre, y agradeci\u00f3 a todos los trabajadores de la educaci\u00f3n \u201cpor mantener abiertas las escuelas y contribuir con el futuro de la patria\u201d.<\/p>\n","protected":false},"excerpt":{"rendered":"<p>El gobernador Gerardo Zamora encabez\u00f3 este lunes una intensa agenda oficial en la ciudad de Pinto, departamento Aguirre, donde inaugur\u00f3 el nuevo edificio del Jard\u00edn de Infantes Municipal \u201cTravesuras\u201d y entreg\u00f3 viviendas sociales amobladas a familias en situaci\u00f3n de vulnerabilidad habitacional.<\/p>\n","protected":false},"author":2,"featured_media":79261,"comment_status":"open","ping_status":"open","sticky":false,"template":"","format":"standard","meta":{"om_disable_all_campaigns":false,"_monsterinsights_skip_tracking":false,"_monsterinsights_sitenote_active":false,"_monsterinsights_sitenote_note":"","_monsterinsights_sitenote_category":0,"_uf_show_specific_survey":0,"_uf_disable_surveys":false,"jetpack_post_was_ever_published":false,"_jetpack_newsletter_access":"","_jetpack_dont_email_post_to_subs":false,"_jetpack_newsletter_tier_id":0,"_jetpack_memberships_contains_paywalled_content":false,"_jetpack_memberships_contains_paid_content":false,"footnotes":"","jetpack_publicize_message":"","jetpack_publicize_feature_enabled":true,"jetpack_social_post_already_shared":true,"jetpack_social_options":{"image_generator_settings":{"template":"highway","default_image_id":0,"font":"","enabled":false},"version":2}},"categories":[4,21],"tags":[59,808,695],"class_list":["post-79259","post","type-post","status-publish","format-standard","has-post-thumbnail","hentry","category-destacadas","category-locales","tag-gerardo-zamora","tag-obras-publicas","tag-viviendas-sociales"],"aioseo_notices":[],"views":15,"jetpack_publicize_connections":[],"jetpack_featured_media_url":"https:\/\/i0.wp.com\/elterritorialweb.com.ar\/web\/wp-content\/uploads\/2025\/09\/IMG-20250929-WA0062-scaled.jpg?fit=2560%2C1706&ssl=1","jetpack_sharing_enabled":true,"_links":{"self":[{"href":"https:\/\/elterritorialweb.com.ar\/web\/wp-json\/wp\/v2\/posts\/79259","targetHints":{"allow":["GET"]}}],"collection":[{"href":"https:\/\/elterritorialweb.com.ar\/web\/wp-json\/wp\/v2\/posts"}],"about":[{"href":"https:\/\/elterritorialweb.com.ar\/web\/wp-json\/wp\/v2\/types\/post"}],"author":[{"embeddable":true,"href":"https:\/\/elterritorialweb.com.ar\/web\/wp-json\/wp\/v2\/users\/2"}],"replies":[{"embeddable":true,"href":"https:\/\/elterritorialweb.com.ar\/web\/wp-json\/wp\/v2\/comments?post=79259"}],"version-history":[{"count":1,"href":"https:\/\/elterritorialweb.com.ar\/web\/wp-json\/wp\/v2\/posts\/79259\/revisions"}],"predecessor-version":[{"id":79265,"href":"https:\/\/elterritorialweb.com.ar\/web\/wp-json\/wp\/v2\/posts\/79259\/revisions\/79265"}],"wp:featuredmedia":[{"embeddable":true,"href":"https:\/\/elterritorialweb.com.ar\/web\/wp-json\/wp\/v2\/media\/79261"}],"wp:attachment":[{"href":"https:\/\/elterritorialweb.com.ar\/web\/wp-json\/wp\/v2\/media?parent=79259"}],"wp:term":[{"taxonomy":"category","embeddable":true,"href":"https:\/\/elterritorialweb.com.ar\/web\/wp-json\/wp\/v2\/categories?post=79259"},{"taxonomy":"post_tag","embeddable":true,"href":"https:\/\/elterritorialweb.com.ar\/web\/wp-json\/wp\/v2\/tags?post=79259"}],"curies":[{"name":"wp","href":"https:\/\/api.w.org\/{rel}","templated":true}]}}