{"id":79267,"date":"2025-09-29T22:48:25","date_gmt":"2025-09-29T22:48:25","guid":{"rendered":"https:\/\/elterritorialweb.com.ar\/web\/?p=79267"},"modified":"2025-09-29T22:48:27","modified_gmt":"2025-09-29T22:48:27","slug":"gerardo-zamora-inauguro-el-nuevo-hospital-zonal-de-la-ciudad-de-pinto","status":"publish","type":"post","link":"https:\/\/elterritorialweb.com.ar\/web\/gerardo-zamora-inauguro-el-nuevo-hospital-zonal-de-la-ciudad-de-pinto\/","title":{"rendered":"GERARDO ZAMORA INAUGUR\u00d3 EL NUEVO HOSPITAL ZONAL DE LA CIUDAD DE PINTO"},"content":{"rendered":"\n<p>El mandatario estuvo acompa\u00f1ado por el vicegobernador, Carlos Silva Neder; el jefe de Gabinete, El\u00edas Su\u00e1rez; los ministros de Educaci\u00f3n, Mariela Nassif; de Desarrollo Social, \u00c1ngel Niccolai; de Obras P\u00fablicas, Aldo Hid, y de Salud, Natividad Nassif. Tambi\u00e9n participaron el secretario de Salud, Gustavo Sabalza; el secretario de Obras P\u00fablicas, Jorge Zua\u00edn; la secretaria de Relaciones P\u00fablicas e Institucionales del Ipvu, Sara Ayuch Tarchini; y el director del hospital local, C\u00e9sar Ganem, entre otras autoridades.<\/p>\n\n\n\n<figure class=\"wp-block-image size-large\"><a href=\"https:\/\/i0.wp.com\/elterritorialweb.com.ar\/web\/wp-content\/uploads\/2025\/09\/IMG-20250929-WA0073-scaled.jpg\"><img data-recalc-dims=\"1\" decoding=\"async\" width=\"640\" height=\"427\" data-src=\"https:\/\/i0.wp.com\/elterritorialweb.com.ar\/web\/wp-content\/uploads\/2025\/09\/IMG-20250929-WA0073.jpg?resize=640%2C427\" alt=\"\" class=\"wp-image-79271 lazyload\" data-srcset=\"https:\/\/i0.wp.com\/elterritorialweb.com.ar\/web\/wp-content\/uploads\/2025\/09\/IMG-20250929-WA0073-scaled.jpg?resize=1024%2C683&amp;ssl=1 1024w, https:\/\/i0.wp.com\/elterritorialweb.com.ar\/web\/wp-content\/uploads\/2025\/09\/IMG-20250929-WA0073-scaled.jpg?resize=300%2C200&amp;ssl=1 300w, https:\/\/i0.wp.com\/elterritorialweb.com.ar\/web\/wp-content\/uploads\/2025\/09\/IMG-20250929-WA0073-scaled.jpg?resize=768%2C512&amp;ssl=1 768w, https:\/\/i0.wp.com\/elterritorialweb.com.ar\/web\/wp-content\/uploads\/2025\/09\/IMG-20250929-WA0073-scaled.jpg?resize=1536%2C1024&amp;ssl=1 1536w, https:\/\/i0.wp.com\/elterritorialweb.com.ar\/web\/wp-content\/uploads\/2025\/09\/IMG-20250929-WA0073-scaled.jpg?resize=2048%2C1365&amp;ssl=1 2048w, https:\/\/i0.wp.com\/elterritorialweb.com.ar\/web\/wp-content\/uploads\/2025\/09\/IMG-20250929-WA0073-scaled.jpg?w=1280 1280w, https:\/\/i0.wp.com\/elterritorialweb.com.ar\/web\/wp-content\/uploads\/2025\/09\/IMG-20250929-WA0073-scaled.jpg?w=1920 1920w\" data-sizes=\"(max-width: 640px) 100vw, 640px\" src=\"data:image\/svg+xml;base64,PHN2ZyB3aWR0aD0iMSIgaGVpZ2h0PSIxIiB4bWxucz0iaHR0cDovL3d3dy53My5vcmcvMjAwMC9zdmciPjwvc3ZnPg==\" style=\"--smush-placeholder-width: 640px; --smush-placeholder-aspect-ratio: 640\/427;\" \/><\/a><\/figure>\n\n\n\n<p>El nuevo centro asistencial cuenta con 4.510 metros cuadrados de superficie cubierta y fue dise\u00f1ado bajo un concepto integral y contempor\u00e1neo para optimizar la atenci\u00f3n regional.<\/p>\n\n\n\n<p>Servicios y equipamiento<\/p>\n\n\n\n<p>La planta baja concentra las \u00e1reas cr\u00edticas y de mayor demanda: admisi\u00f3n, hall central en doble altura, salas de espera y consultorios externos (cl\u00ednicos, odontolog\u00eda, ginecolog\u00eda, obstetricia, kinesiolog\u00eda y rehabilitaci\u00f3n). Incluye adem\u00e1s farmacia hospitalaria, diagn\u00f3stico por im\u00e1genes con tomograf\u00eda computada, ecograf\u00eda, mamograf\u00eda, rayos X y endoscop\u00eda.<\/p>\n\n\n\n<p>Dispone de 30 camas de internaci\u00f3n general, organizadas en torno a un patio verde parquizado, adem\u00e1s de guardia y emergencias con accesos diferenciados, triaje, shock room, quir\u00f3fano limpio y \u00e1reas de parto. Cuenta tambi\u00e9n con Unidad de Terapia Intensiva (UTI) de tres camas y sala de monitoreo.<\/p>\n\n\n\n<figure class=\"wp-block-image size-large\"><a href=\"https:\/\/i0.wp.com\/elterritorialweb.com.ar\/web\/wp-content\/uploads\/2025\/09\/IMG-20250929-WA0075-scaled.jpg\"><img data-recalc-dims=\"1\" decoding=\"async\" width=\"640\" height=\"427\" data-src=\"https:\/\/i0.wp.com\/elterritorialweb.com.ar\/web\/wp-content\/uploads\/2025\/09\/IMG-20250929-WA0075.jpg?resize=640%2C427\" alt=\"\" class=\"wp-image-79270 lazyload\" data-srcset=\"https:\/\/i0.wp.com\/elterritorialweb.com.ar\/web\/wp-content\/uploads\/2025\/09\/IMG-20250929-WA0075-scaled.jpg?resize=1024%2C683&amp;ssl=1 1024w, https:\/\/i0.wp.com\/elterritorialweb.com.ar\/web\/wp-content\/uploads\/2025\/09\/IMG-20250929-WA0075-scaled.jpg?resize=300%2C200&amp;ssl=1 300w, https:\/\/i0.wp.com\/elterritorialweb.com.ar\/web\/wp-content\/uploads\/2025\/09\/IMG-20250929-WA0075-scaled.jpg?resize=768%2C512&amp;ssl=1 768w, https:\/\/i0.wp.com\/elterritorialweb.com.ar\/web\/wp-content\/uploads\/2025\/09\/IMG-20250929-WA0075-scaled.jpg?resize=1536%2C1024&amp;ssl=1 1536w, https:\/\/i0.wp.com\/elterritorialweb.com.ar\/web\/wp-content\/uploads\/2025\/09\/IMG-20250929-WA0075-scaled.jpg?resize=2048%2C1365&amp;ssl=1 2048w, https:\/\/i0.wp.com\/elterritorialweb.com.ar\/web\/wp-content\/uploads\/2025\/09\/IMG-20250929-WA0075-scaled.jpg?w=1280 1280w, https:\/\/i0.wp.com\/elterritorialweb.com.ar\/web\/wp-content\/uploads\/2025\/09\/IMG-20250929-WA0075-scaled.jpg?w=1920 1920w\" data-sizes=\"(max-width: 640px) 100vw, 640px\" src=\"data:image\/svg+xml;base64,PHN2ZyB3aWR0aD0iMSIgaGVpZ2h0PSIxIiB4bWxucz0iaHR0cDovL3d3dy53My5vcmcvMjAwMC9zdmciPjwvc3ZnPg==\" style=\"--smush-placeholder-width: 640px; --smush-placeholder-aspect-ratio: 640\/427;\" \/><\/a><\/figure>\n\n\n\n<p>En cuanto a servicios t\u00e9cnicos, posee cocina y comedor de personal, lavander\u00eda, sala de gases medicinales, subestaci\u00f3n transformadora y vestuarios.<\/p>\n\n\n\n<p>La planta alta alberga \u00e1reas de gesti\u00f3n, docencia y consultas programadas: direcci\u00f3n, vicedirecci\u00f3n, administraci\u00f3n, consultorios adicionales, laboratorio bioqu\u00edmico, sala de capacitaci\u00f3n y espacios de espera con visuales hacia el hall principal.<\/p>\n\n\n\n<p>Palabras del gobernador<\/p>\n\n\n\n<p>Tras recorrer las instalaciones equipadas con tecnolog\u00eda de \u00faltima generaci\u00f3n, Zamora destac\u00f3 que este hospital forma parte de seis nuevos centros de salud que se est\u00e1n inaugurando en la provincia. \u201cTodos tienen las mismas caracter\u00edsticas: grandes dimensiones y equipamiento de \u00faltima generaci\u00f3n\u201d, subray\u00f3, y adelant\u00f3 que el Hospital de Pinto contar\u00e1 en breve con un tom\u00f3grafo en pleno funcionamiento.<\/p>\n\n\n\n<figure class=\"wp-block-image size-large\"><a href=\"https:\/\/i0.wp.com\/elterritorialweb.com.ar\/web\/wp-content\/uploads\/2025\/09\/IMG-20250929-WA0079-scaled.jpg\"><img data-recalc-dims=\"1\" decoding=\"async\" width=\"640\" height=\"427\" data-src=\"https:\/\/i0.wp.com\/elterritorialweb.com.ar\/web\/wp-content\/uploads\/2025\/09\/IMG-20250929-WA0079.jpg?resize=640%2C427\" alt=\"\" class=\"wp-image-79269 lazyload\" data-srcset=\"https:\/\/i0.wp.com\/elterritorialweb.com.ar\/web\/wp-content\/uploads\/2025\/09\/IMG-20250929-WA0079-scaled.jpg?resize=1024%2C683&amp;ssl=1 1024w, https:\/\/i0.wp.com\/elterritorialweb.com.ar\/web\/wp-content\/uploads\/2025\/09\/IMG-20250929-WA0079-scaled.jpg?resize=300%2C200&amp;ssl=1 300w, https:\/\/i0.wp.com\/elterritorialweb.com.ar\/web\/wp-content\/uploads\/2025\/09\/IMG-20250929-WA0079-scaled.jpg?resize=768%2C512&amp;ssl=1 768w, https:\/\/i0.wp.com\/elterritorialweb.com.ar\/web\/wp-content\/uploads\/2025\/09\/IMG-20250929-WA0079-scaled.jpg?resize=1536%2C1024&amp;ssl=1 1536w, https:\/\/i0.wp.com\/elterritorialweb.com.ar\/web\/wp-content\/uploads\/2025\/09\/IMG-20250929-WA0079-scaled.jpg?resize=2048%2C1365&amp;ssl=1 2048w, https:\/\/i0.wp.com\/elterritorialweb.com.ar\/web\/wp-content\/uploads\/2025\/09\/IMG-20250929-WA0079-scaled.jpg?w=1280 1280w, https:\/\/i0.wp.com\/elterritorialweb.com.ar\/web\/wp-content\/uploads\/2025\/09\/IMG-20250929-WA0079-scaled.jpg?w=1920 1920w\" data-sizes=\"(max-width: 640px) 100vw, 640px\" src=\"data:image\/svg+xml;base64,PHN2ZyB3aWR0aD0iMSIgaGVpZ2h0PSIxIiB4bWxucz0iaHR0cDovL3d3dy53My5vcmcvMjAwMC9zdmciPjwvc3ZnPg==\" style=\"--smush-placeholder-width: 640px; --smush-placeholder-aspect-ratio: 640\/427;\" \/><\/a><\/figure>\n\n\n\n<p>El mandatario remarc\u00f3 que la salud y la educaci\u00f3n son pilares fundamentales de la sociedad argentina:<\/p>\n\n\n\n<blockquote class=\"wp-block-quote is-layout-flow wp-block-quote-is-layout-flow\">\n<p>\u201cPermitir el acceso a estos dos bienes preciados no solo significa movilidad social con dignidad, sino tambi\u00e9n progreso y desarrollo para nuestra patria\u201d.<\/p>\n<\/blockquote>\n\n\n\n<p>Asimismo, resalt\u00f3 que Santiago del Estero es una provincia que, adem\u00e1s de reclamar federalismo, contribuye a la econom\u00eda nacional:<\/p>\n\n\n\n<blockquote class=\"wp-block-quote is-layout-flow wp-block-quote-is-layout-flow\">\n<p>\u201cEn los \u00faltimos a\u00f1os nos hemos convertido en una de las grandes provincias exportadoras; traemos m\u00e1s d\u00f3lares al pa\u00eds de los que gastamos\u201d.<\/p>\n<\/blockquote>\n\n\n\n<p>Finalmente, convoc\u00f3 a la unidad de los santiague\u00f1os:<\/p>\n\n\n\n<blockquote class=\"wp-block-quote is-layout-flow wp-block-quote-is-layout-flow\">\n<p>\u201cSomos un pueblo solidario, con un coraz\u00f3n dispuesto a mirar al otro y generar condiciones para que todos podamos desarrollarnos\u201d.<\/p>\n<\/blockquote>\n\n\n\n<p>Con esta inauguraci\u00f3n, el Gobierno provincial fortalece la red p\u00fablica de salud, consolidando infraestructura y servicios para garantizar un acceso equitativo y de calidad en toda la provincia.<\/p>\n","protected":false},"excerpt":{"rendered":"<p>El gobernador Gerardo Zamora dej\u00f3 oficialmente inaugurado este lunes el nuevo edificio del Hospital Zonal de Pinto, una obra de gran envergadura que permitir\u00e1 elevar de manera significativa el nivel de atenci\u00f3n sanitaria para los pobladores del departamento Aguirre y de gran parte del sur santiague\u00f1o.<\/p>\n","protected":false},"author":2,"featured_media":79268,"comment_status":"open","ping_status":"open","sticky":false,"template":"","format":"standard","meta":{"om_disable_all_campaigns":false,"_monsterinsights_skip_tracking":false,"_monsterinsights_sitenote_active":false,"_monsterinsights_sitenote_note":"","_monsterinsights_sitenote_category":0,"_uf_show_specific_survey":0,"_uf_disable_surveys":false,"jetpack_post_was_ever_published":false,"_jetpack_newsletter_access":"","_jetpack_dont_email_post_to_subs":false,"_jetpack_newsletter_tier_id":0,"_jetpack_memberships_contains_paywalled_content":false,"_jetpack_memberships_contains_paid_content":false,"footnotes":"","jetpack_publicize_message":"","jetpack_publicize_feature_enabled":true,"jetpack_social_post_already_shared":true,"jetpack_social_options":{"image_generator_settings":{"template":"highway","default_image_id":0,"font":"","enabled":false},"version":2}},"categories":[4,21],"tags":[],"class_list":["post-79267","post","type-post","status-publish","format-standard","has-post-thumbnail","hentry","category-destacadas","category-locales"],"aioseo_notices":[],"views":16,"jetpack_publicize_connections":[],"jetpack_featured_media_url":"https:\/\/i0.wp.com\/elterritorialweb.com.ar\/web\/wp-content\/uploads\/2025\/09\/IMG-20250929-WA0081-scaled.jpg?fit=2560%2C1705&ssl=1","jetpack_sharing_enabled":true,"_links":{"self":[{"href":"https:\/\/elterritorialweb.com.ar\/web\/wp-json\/wp\/v2\/posts\/79267","targetHints":{"allow":["GET"]}}],"collection":[{"href":"https:\/\/elterritorialweb.com.ar\/web\/wp-json\/wp\/v2\/posts"}],"about":[{"href":"https:\/\/elterritorialweb.com.ar\/web\/wp-json\/wp\/v2\/types\/post"}],"author":[{"embeddable":true,"href":"https:\/\/elterritorialweb.com.ar\/web\/wp-json\/wp\/v2\/users\/2"}],"replies":[{"embeddable":true,"href":"https:\/\/elterritorialweb.com.ar\/web\/wp-json\/wp\/v2\/comments?post=79267"}],"version-history":[{"count":1,"href":"https:\/\/elterritorialweb.com.ar\/web\/wp-json\/wp\/v2\/posts\/79267\/revisions"}],"predecessor-version":[{"id":79274,"href":"https:\/\/elterritorialweb.com.ar\/web\/wp-json\/wp\/v2\/posts\/79267\/revisions\/79274"}],"wp:featuredmedia":[{"embeddable":true,"href":"https:\/\/elterritorialweb.com.ar\/web\/wp-json\/wp\/v2\/media\/79268"}],"wp:attachment":[{"href":"https:\/\/elterritorialweb.com.ar\/web\/wp-json\/wp\/v2\/media?parent=79267"}],"wp:term":[{"taxonomy":"category","embeddable":true,"href":"https:\/\/elterritorialweb.com.ar\/web\/wp-json\/wp\/v2\/categories?post=79267"},{"taxonomy":"post_tag","embeddable":true,"href":"https:\/\/elterritorialweb.com.ar\/web\/wp-json\/wp\/v2\/tags?post=79267"}],"curies":[{"name":"wp","href":"https:\/\/api.w.org\/{rel}","templated":true}]}}