{"id":79275,"date":"2025-09-30T17:39:24","date_gmt":"2025-09-30T17:39:24","guid":{"rendered":"https:\/\/elterritorialweb.com.ar\/web\/?p=79275"},"modified":"2025-09-30T17:39:26","modified_gmt":"2025-09-30T17:39:26","slug":"unidad-y-federalismo-repudia-la-privatizacion-de-las-centrales-nucleares","status":"publish","type":"post","link":"https:\/\/elterritorialweb.com.ar\/web\/unidad-y-federalismo-repudia-la-privatizacion-de-las-centrales-nucleares\/","title":{"rendered":"UNIDAD Y FEDERALISMO REPUDIA LA PRIVATIZACI\u00d3N DE LAS CENTRALES NUCLEARES"},"content":{"rendered":"\n<p>En un comunicado, la organizaci\u00f3n expres\u00f3: \u201cDesde la Agrupaci\u00f3n Unidad y Federalismo, expresamos nuestro m\u00e1s en\u00e9rgico repudio a la entrega de Nucleoel\u00e9ctrica Argentina, una decisi\u00f3n que consideramos una verdadera traici\u00f3n a la Patria\u201d.<\/p>\n\n\n\n<p>Asimismo, convoc\u00f3 a gremios, universidades, partidos pol\u00edticos y movimientos sociales a sumarse en defensa de los recursos estrat\u00e9gicos nacionales. \u201cNo podemos permitir que los oportunistas y buitres de siempre avancen sobre un patrimonio construido con el esfuerzo de generaciones. Nuestra soberan\u00eda energ\u00e9tica y nuestra defensa nacional no est\u00e1n en venta\u201d, advirtieron.<\/p>\n\n\n\n<p>Finalmente, el espacio subray\u00f3 que un futuro gobierno popular deber\u00e1 \u201crecuperar y expropiar nuevamente Nucleoel\u00e9ctrica Argentina, devolvi\u00e9ndola al servicio de la Naci\u00f3n y del pueblo\u201d, reafirmando su compromiso con la unidad, la justicia social y la soberan\u00eda nacional.<\/p>\n","protected":false},"excerpt":{"rendered":"<p>La agrupaci\u00f3n pol\u00edtica santiague\u00f1a Unidad y Federalismo (UNyFE) manifest\u00f3 este martes su rechazo al plan del Gobierno nacional de privatizar las centrales nucleares, al considerar que esta medida pondr\u00eda en riesgo la independencia energ\u00e9tica del pa\u00eds en beneficio de capitales extranjeros.<\/p>\n","protected":false},"author":2,"featured_media":79276,"comment_status":"open","ping_status":"open","sticky":false,"template":"","format":"standard","meta":{"om_disable_all_campaigns":false,"_monsterinsights_skip_tracking":false,"_monsterinsights_sitenote_active":false,"_monsterinsights_sitenote_note":"","_monsterinsights_sitenote_category":0,"_uf_show_specific_survey":0,"_uf_disable_surveys":false,"jetpack_post_was_ever_published":false,"_jetpack_newsletter_access":"","_jetpack_dont_email_post_to_subs":false,"_jetpack_newsletter_tier_id":0,"_jetpack_memberships_contains_paywalled_content":false,"_jetpack_memberships_contains_paid_content":false,"footnotes":"","jetpack_publicize_message":"","jetpack_publicize_feature_enabled":true,"jetpack_social_post_already_shared":true,"jetpack_social_options":{"image_generator_settings":{"template":"highway","default_image_id":0,"font":"","enabled":false},"version":2}},"categories":[4,18],"tags":[],"class_list":["post-79275","post","type-post","status-publish","format-standard","has-post-thumbnail","hentry","category-destacadas","category-politica"],"aioseo_notices":[],"views":19,"jetpack_publicize_connections":[],"jetpack_featured_media_url":"https:\/\/i0.wp.com\/elterritorialweb.com.ar\/web\/wp-content\/uploads\/2025\/09\/IMG-20250930-WA0020.jpg?fit=1200%2C600&ssl=1","jetpack_sharing_enabled":true,"_links":{"self":[{"href":"https:\/\/elterritorialweb.com.ar\/web\/wp-json\/wp\/v2\/posts\/79275","targetHints":{"allow":["GET"]}}],"collection":[{"href":"https:\/\/elterritorialweb.com.ar\/web\/wp-json\/wp\/v2\/posts"}],"about":[{"href":"https:\/\/elterritorialweb.com.ar\/web\/wp-json\/wp\/v2\/types\/post"}],"author":[{"embeddable":true,"href":"https:\/\/elterritorialweb.com.ar\/web\/wp-json\/wp\/v2\/users\/2"}],"replies":[{"embeddable":true,"href":"https:\/\/elterritorialweb.com.ar\/web\/wp-json\/wp\/v2\/comments?post=79275"}],"version-history":[{"count":1,"href":"https:\/\/elterritorialweb.com.ar\/web\/wp-json\/wp\/v2\/posts\/79275\/revisions"}],"predecessor-version":[{"id":79277,"href":"https:\/\/elterritorialweb.com.ar\/web\/wp-json\/wp\/v2\/posts\/79275\/revisions\/79277"}],"wp:featuredmedia":[{"embeddable":true,"href":"https:\/\/elterritorialweb.com.ar\/web\/wp-json\/wp\/v2\/media\/79276"}],"wp:attachment":[{"href":"https:\/\/elterritorialweb.com.ar\/web\/wp-json\/wp\/v2\/media?parent=79275"}],"wp:term":[{"taxonomy":"category","embeddable":true,"href":"https:\/\/elterritorialweb.com.ar\/web\/wp-json\/wp\/v2\/categories?post=79275"},{"taxonomy":"post_tag","embeddable":true,"href":"https:\/\/elterritorialweb.com.ar\/web\/wp-json\/wp\/v2\/tags?post=79275"}],"curies":[{"name":"wp","href":"https:\/\/api.w.org\/{rel}","templated":true}]}}