{"id":79280,"date":"2025-09-30T17:50:23","date_gmt":"2025-09-30T17:50:23","guid":{"rendered":"https:\/\/elterritorialweb.com.ar\/web\/?p=79280"},"modified":"2025-09-30T17:52:03","modified_gmt":"2025-09-30T17:52:03","slug":"humanidades-llevo-la-extension-universitaria-a-forres-con-una-jornada-de-prevencion-de-la-sifilis","status":"publish","type":"post","link":"https:\/\/elterritorialweb.com.ar\/web\/humanidades-llevo-la-extension-universitaria-a-forres-con-una-jornada-de-prevencion-de-la-sifilis\/","title":{"rendered":"HUMANIDADES LLEV\u00d3 LA EXTENSI\u00d3N UNIVERSITARIA A FORRES CON UNA JORNADA DE PREVENCI\u00d3N DE LA S\u00cdFILIS"},"content":{"rendered":"\n<p>La actividad se realiz\u00f3 en el Colegio San Isidro Labrador y cont\u00f3 con la participaci\u00f3n de m\u00e1s de 280 estudiantes secundarios, junto a directivos y docentes de la instituci\u00f3n. Fue impulsada por un equipo de docentes, egresados y estudiantes de la Licenciatura en Obstetricia, en el marco del proyecto de Extensi\u00f3n \u201cSaberes compartidos y di\u00e1logos con-ciencia: abordaje de la s\u00edfilis en mujeres y varones en edad reproductiva del interior provincial\u201d, coordinado por los docentes Marcelo Vega Closas y Gabriela Casta\u00f1ares.<\/p>\n\n\n\n<p>La jornada se desarroll\u00f3 bajo la modalidad de taller, con una activa interacci\u00f3n de los j\u00f3venes, quienes adem\u00e1s recibieron material gr\u00e1fico impreso para difundir la informaci\u00f3n en su entorno familiar y comunitario.<\/p>\n\n\n\n<p>La propuesta tambi\u00e9n cont\u00f3 con la colaboraci\u00f3n del equipo de salud del Hospital Distrital de Forres, integrado por profesionales de Obstetricia y Atenci\u00f3n Primaria de la Salud, lo que fortaleci\u00f3 la articulaci\u00f3n entre la universidad y el sistema sanitario local.<\/p>\n\n\n\n<p>Con esta primera acci\u00f3n, el proyecto extensionista inici\u00f3 su recorrido con el compromiso de seguir promoviendo la educaci\u00f3n para la salud en distintas comunidades del interior provincial.<\/p>\n","protected":false},"excerpt":{"rendered":"<p>La Facultad de Humanidades, Ciencias Sociales y de la Salud de la UNSE desarroll\u00f3 una jornada extensionista en la ciudad de Forres, destinada a concientizar a adolescentes y j\u00f3venes sobre la importancia de la prevenci\u00f3n de la s\u00edfilis como medida de autocuidado de la salud.<\/p>\n","protected":false},"author":2,"featured_media":79281,"comment_status":"open","ping_status":"open","sticky":false,"template":"","format":"standard","meta":{"om_disable_all_campaigns":false,"_monsterinsights_skip_tracking":false,"_monsterinsights_sitenote_active":false,"_monsterinsights_sitenote_note":"","_monsterinsights_sitenote_category":0,"_uf_show_specific_survey":0,"_uf_disable_surveys":false,"jetpack_post_was_ever_published":false,"_jetpack_newsletter_access":"","_jetpack_dont_email_post_to_subs":false,"_jetpack_newsletter_tier_id":0,"_jetpack_memberships_contains_paywalled_content":false,"_jetpack_memberships_contains_paid_content":false,"footnotes":"","jetpack_publicize_message":"","jetpack_publicize_feature_enabled":true,"jetpack_social_post_already_shared":true,"jetpack_social_options":{"image_generator_settings":{"template":"highway","default_image_id":0,"font":"","enabled":false},"version":2}},"categories":[4,19],"tags":[999,74],"class_list":["post-79280","post","type-post","status-publish","format-standard","has-post-thumbnail","hentry","category-destacadas","category-educacion","tag-facultad-de-humanidades","tag-unse"],"aioseo_notices":[],"views":32,"jetpack_publicize_connections":[],"jetpack_featured_media_url":"https:\/\/i0.wp.com\/elterritorialweb.com.ar\/web\/wp-content\/uploads\/2025\/09\/IMG-20250930-WA0028.jpg?fit=1024%2C704&ssl=1","jetpack_sharing_enabled":true,"_links":{"self":[{"href":"https:\/\/elterritorialweb.com.ar\/web\/wp-json\/wp\/v2\/posts\/79280","targetHints":{"allow":["GET"]}}],"collection":[{"href":"https:\/\/elterritorialweb.com.ar\/web\/wp-json\/wp\/v2\/posts"}],"about":[{"href":"https:\/\/elterritorialweb.com.ar\/web\/wp-json\/wp\/v2\/types\/post"}],"author":[{"embeddable":true,"href":"https:\/\/elterritorialweb.com.ar\/web\/wp-json\/wp\/v2\/users\/2"}],"replies":[{"embeddable":true,"href":"https:\/\/elterritorialweb.com.ar\/web\/wp-json\/wp\/v2\/comments?post=79280"}],"version-history":[{"count":2,"href":"https:\/\/elterritorialweb.com.ar\/web\/wp-json\/wp\/v2\/posts\/79280\/revisions"}],"predecessor-version":[{"id":79283,"href":"https:\/\/elterritorialweb.com.ar\/web\/wp-json\/wp\/v2\/posts\/79280\/revisions\/79283"}],"wp:featuredmedia":[{"embeddable":true,"href":"https:\/\/elterritorialweb.com.ar\/web\/wp-json\/wp\/v2\/media\/79281"}],"wp:attachment":[{"href":"https:\/\/elterritorialweb.com.ar\/web\/wp-json\/wp\/v2\/media?parent=79280"}],"wp:term":[{"taxonomy":"category","embeddable":true,"href":"https:\/\/elterritorialweb.com.ar\/web\/wp-json\/wp\/v2\/categories?post=79280"},{"taxonomy":"post_tag","embeddable":true,"href":"https:\/\/elterritorialweb.com.ar\/web\/wp-json\/wp\/v2\/tags?post=79280"}],"curies":[{"name":"wp","href":"https:\/\/api.w.org\/{rel}","templated":true}]}}