{"id":79284,"date":"2025-09-30T18:23:18","date_gmt":"2025-09-30T18:23:18","guid":{"rendered":"https:\/\/elterritorialweb.com.ar\/web\/?p=79284"},"modified":"2025-09-30T18:23:21","modified_gmt":"2025-09-30T18:23:21","slug":"zamora-inauguro-la-ampliacion-y-refaccion-del-instituto-superior-de-bellas-artes-juan-yapari","status":"publish","type":"post","link":"https:\/\/elterritorialweb.com.ar\/web\/zamora-inauguro-la-ampliacion-y-refaccion-del-instituto-superior-de-bellas-artes-juan-yapari\/","title":{"rendered":"ZAMORA INAUGUR\u00d3 LA AMPLIACI\u00d3N Y REFACCI\u00d3N DEL INSTITUTO SUPERIOR DE BELLAS ARTES \u201cJUAN YAPAR\u00cd\u201d"},"content":{"rendered":"\n<p>La instituci\u00f3n, que cuenta con m\u00e1s de 500 estudiantes entre el nivel secundario y superior, ofrece el Bachillerato de Artes con orientaci\u00f3n en grabado, pintura, escultura, dibujo y nuevos medios, adem\u00e1s del Profesorado de Arte en pintura y escultura.<\/p>\n\n\n\n<p>Durante el corte de cintas, Zamora estuvo acompa\u00f1ado por el vicegobernador Carlos Silva Neder; el jefe de Gabinete, El\u00edas Su\u00e1rez; los ministros Aldo Hid (Obras P\u00fablicas) y Mariela Nassif (Educaci\u00f3n); el secretario de Obras P\u00fablicas, Jorge Zua\u00edn; la presidenta del Consejo General de Educaci\u00f3n, Mar\u00eda Helena Herrera; la intendente Norma Fuentes, y la rectora del Instituto, Alba Jes\u00fas Gallo.<\/p>\n\n\n\n<figure class=\"wp-block-image size-large\"><a href=\"https:\/\/i0.wp.com\/elterritorialweb.com.ar\/web\/wp-content\/uploads\/2025\/09\/IMG-20250930-WA0015-scaled.jpg\"><img data-recalc-dims=\"1\" decoding=\"async\" width=\"640\" height=\"427\" data-src=\"https:\/\/i0.wp.com\/elterritorialweb.com.ar\/web\/wp-content\/uploads\/2025\/09\/IMG-20250930-WA0015.jpg?resize=640%2C427\" alt=\"\" class=\"wp-image-79286 lazyload\" data-srcset=\"https:\/\/i0.wp.com\/elterritorialweb.com.ar\/web\/wp-content\/uploads\/2025\/09\/IMG-20250930-WA0015-scaled.jpg?resize=1024%2C683&amp;ssl=1 1024w, https:\/\/i0.wp.com\/elterritorialweb.com.ar\/web\/wp-content\/uploads\/2025\/09\/IMG-20250930-WA0015-scaled.jpg?resize=300%2C200&amp;ssl=1 300w, https:\/\/i0.wp.com\/elterritorialweb.com.ar\/web\/wp-content\/uploads\/2025\/09\/IMG-20250930-WA0015-scaled.jpg?resize=768%2C512&amp;ssl=1 768w, https:\/\/i0.wp.com\/elterritorialweb.com.ar\/web\/wp-content\/uploads\/2025\/09\/IMG-20250930-WA0015-scaled.jpg?resize=1536%2C1024&amp;ssl=1 1536w, https:\/\/i0.wp.com\/elterritorialweb.com.ar\/web\/wp-content\/uploads\/2025\/09\/IMG-20250930-WA0015-scaled.jpg?resize=2048%2C1365&amp;ssl=1 2048w, https:\/\/i0.wp.com\/elterritorialweb.com.ar\/web\/wp-content\/uploads\/2025\/09\/IMG-20250930-WA0015-scaled.jpg?w=1280 1280w, https:\/\/i0.wp.com\/elterritorialweb.com.ar\/web\/wp-content\/uploads\/2025\/09\/IMG-20250930-WA0015-scaled.jpg?w=1920 1920w\" data-sizes=\"(max-width: 640px) 100vw, 640px\" src=\"data:image\/svg+xml;base64,PHN2ZyB3aWR0aD0iMSIgaGVpZ2h0PSIxIiB4bWxucz0iaHR0cDovL3d3dy53My5vcmcvMjAwMC9zdmciPjwvc3ZnPg==\" style=\"--smush-placeholder-width: 640px; --smush-placeholder-aspect-ratio: 640\/427;\" \/><\/a><\/figure>\n\n\n\n<p>El edificio renovado cuenta con rector\u00eda, comedor, sala de profesores, asesor\u00eda pedag\u00f3gica, talleres de grabado, pintura, dibujo y escultura, sal\u00f3n de exposici\u00f3n, sala de edici\u00f3n de video, sala digital, espacio de fotograf\u00eda, biblioteca, SUM, paseo sobre calle Chaco y 13 aulas, entre otros sectores.<\/p>\n\n\n\n<p>Durante la recorrida, docentes y alumnos compartieron muestras de su talento con el mandatario provincial, quien resalt\u00f3 la importancia de la inversi\u00f3n en infraestructura educativa:<br>\u201cEs fundamental generar espacios que promuevan igualdad e inclusi\u00f3n. Este instituto tiene un coraz\u00f3n propio y es un gran honor dejar formalmente inaugurado un espacio que es referente del norte y que tiene mucho para ofrecer\u201d, expres\u00f3 Zamora.<\/p>\n\n\n\n<figure class=\"wp-block-image size-large\"><a href=\"https:\/\/i0.wp.com\/elterritorialweb.com.ar\/web\/wp-content\/uploads\/2025\/09\/IMG-20250930-WA0014-scaled.jpg\"><img data-recalc-dims=\"1\" decoding=\"async\" width=\"640\" height=\"427\" data-src=\"https:\/\/i0.wp.com\/elterritorialweb.com.ar\/web\/wp-content\/uploads\/2025\/09\/IMG-20250930-WA0014.jpg?resize=640%2C427\" alt=\"\" class=\"wp-image-79285 lazyload\" data-srcset=\"https:\/\/i0.wp.com\/elterritorialweb.com.ar\/web\/wp-content\/uploads\/2025\/09\/IMG-20250930-WA0014-scaled.jpg?resize=1024%2C683&amp;ssl=1 1024w, https:\/\/i0.wp.com\/elterritorialweb.com.ar\/web\/wp-content\/uploads\/2025\/09\/IMG-20250930-WA0014-scaled.jpg?resize=300%2C200&amp;ssl=1 300w, https:\/\/i0.wp.com\/elterritorialweb.com.ar\/web\/wp-content\/uploads\/2025\/09\/IMG-20250930-WA0014-scaled.jpg?resize=768%2C512&amp;ssl=1 768w, https:\/\/i0.wp.com\/elterritorialweb.com.ar\/web\/wp-content\/uploads\/2025\/09\/IMG-20250930-WA0014-scaled.jpg?resize=1536%2C1024&amp;ssl=1 1536w, https:\/\/i0.wp.com\/elterritorialweb.com.ar\/web\/wp-content\/uploads\/2025\/09\/IMG-20250930-WA0014-scaled.jpg?resize=2048%2C1365&amp;ssl=1 2048w, https:\/\/i0.wp.com\/elterritorialweb.com.ar\/web\/wp-content\/uploads\/2025\/09\/IMG-20250930-WA0014-scaled.jpg?w=1280 1280w, https:\/\/i0.wp.com\/elterritorialweb.com.ar\/web\/wp-content\/uploads\/2025\/09\/IMG-20250930-WA0014-scaled.jpg?w=1920 1920w\" data-sizes=\"(max-width: 640px) 100vw, 640px\" src=\"data:image\/svg+xml;base64,PHN2ZyB3aWR0aD0iMSIgaGVpZ2h0PSIxIiB4bWxucz0iaHR0cDovL3d3dy53My5vcmcvMjAwMC9zdmciPjwvc3ZnPg==\" style=\"--smush-placeholder-width: 640px; --smush-placeholder-aspect-ratio: 640\/427;\" \/><\/a><\/figure>\n\n\n\n<p>La rectora Gallo destac\u00f3 que la obra brinda espacios modernizados y funcionales, dise\u00f1ados para la creaci\u00f3n y conservaci\u00f3n del patrimonio cultural. \u201cEste proyecto coloca a la educaci\u00f3n art\u00edstica en el centro de la formaci\u00f3n integral de las personas. A\u00fan durante los meses de obra, el instituto nunca detuvo su tarea de producir, ense\u00f1ar y compartir\u201d, afirm\u00f3.<\/p>\n\n\n\n<p>Finalmente, subray\u00f3 la pol\u00edtica educativa provincial: \u201cEn un contexto nacional complejo, Santiago del Estero mantiene una fuerte apuesta al federalismo, al desarrollo local y a la educaci\u00f3n p\u00fablica de calidad, por lo que expresamos nuestro agradecimiento al Gobierno provincial\u201d.<\/p>\n","protected":false},"excerpt":{"rendered":"<p>El gobernador Gerardo Zamora encabez\u00f3 este martes la inauguraci\u00f3n de la obra de ampliaci\u00f3n y refacci\u00f3n del Instituto Superior de Bellas Artes \u201cJuan Yapar\u00ed\u201d, ubicado en avenida Belgrano (N) 393 de la ciudad Capital, que permitir\u00e1 fortalecer la formaci\u00f3n art\u00edstica con infraestructura moderna y \u00fanica en el norte argentino.<\/p>\n","protected":false},"author":2,"featured_media":79287,"comment_status":"open","ping_status":"open","sticky":false,"template":"","format":"standard","meta":{"om_disable_all_campaigns":false,"_monsterinsights_skip_tracking":false,"_monsterinsights_sitenote_active":false,"_monsterinsights_sitenote_note":"","_monsterinsights_sitenote_category":0,"_uf_show_specific_survey":0,"_uf_disable_surveys":false,"jetpack_post_was_ever_published":false,"_jetpack_newsletter_access":"","_jetpack_dont_email_post_to_subs":false,"_jetpack_newsletter_tier_id":0,"_jetpack_memberships_contains_paywalled_content":false,"_jetpack_memberships_contains_paid_content":false,"footnotes":"","jetpack_publicize_message":"","jetpack_publicize_feature_enabled":true,"jetpack_social_post_already_shared":true,"jetpack_social_options":{"image_generator_settings":{"template":"highway","default_image_id":0,"font":"","enabled":false},"version":2}},"categories":[4,21],"tags":[],"class_list":["post-79284","post","type-post","status-publish","format-standard","has-post-thumbnail","hentry","category-destacadas","category-locales"],"aioseo_notices":[],"views":14,"jetpack_publicize_connections":[],"jetpack_featured_media_url":"https:\/\/i0.wp.com\/elterritorialweb.com.ar\/web\/wp-content\/uploads\/2025\/09\/IMG-20250930-WA0011-scaled.jpg?fit=2560%2C1708&ssl=1","jetpack_sharing_enabled":true,"_links":{"self":[{"href":"https:\/\/elterritorialweb.com.ar\/web\/wp-json\/wp\/v2\/posts\/79284","targetHints":{"allow":["GET"]}}],"collection":[{"href":"https:\/\/elterritorialweb.com.ar\/web\/wp-json\/wp\/v2\/posts"}],"about":[{"href":"https:\/\/elterritorialweb.com.ar\/web\/wp-json\/wp\/v2\/types\/post"}],"author":[{"embeddable":true,"href":"https:\/\/elterritorialweb.com.ar\/web\/wp-json\/wp\/v2\/users\/2"}],"replies":[{"embeddable":true,"href":"https:\/\/elterritorialweb.com.ar\/web\/wp-json\/wp\/v2\/comments?post=79284"}],"version-history":[{"count":1,"href":"https:\/\/elterritorialweb.com.ar\/web\/wp-json\/wp\/v2\/posts\/79284\/revisions"}],"predecessor-version":[{"id":79289,"href":"https:\/\/elterritorialweb.com.ar\/web\/wp-json\/wp\/v2\/posts\/79284\/revisions\/79289"}],"wp:featuredmedia":[{"embeddable":true,"href":"https:\/\/elterritorialweb.com.ar\/web\/wp-json\/wp\/v2\/media\/79287"}],"wp:attachment":[{"href":"https:\/\/elterritorialweb.com.ar\/web\/wp-json\/wp\/v2\/media?parent=79284"}],"wp:term":[{"taxonomy":"category","embeddable":true,"href":"https:\/\/elterritorialweb.com.ar\/web\/wp-json\/wp\/v2\/categories?post=79284"},{"taxonomy":"post_tag","embeddable":true,"href":"https:\/\/elterritorialweb.com.ar\/web\/wp-json\/wp\/v2\/tags?post=79284"}],"curies":[{"name":"wp","href":"https:\/\/api.w.org\/{rel}","templated":true}]}}