{"id":79290,"date":"2025-09-30T21:54:39","date_gmt":"2025-09-30T21:54:39","guid":{"rendered":"https:\/\/elterritorialweb.com.ar\/web\/?p=79290"},"modified":"2025-09-30T21:54:46","modified_gmt":"2025-09-30T21:54:46","slug":"patricia-sosa-llega-a-santiago-del-estero-con-alquimia-y-sus-grandes-exitos","status":"publish","type":"post","link":"https:\/\/elterritorialweb.com.ar\/web\/patricia-sosa-llega-a-santiago-del-estero-con-alquimia-y-sus-grandes-exitos\/","title":{"rendered":"PATRICIA SOSA LLEGA A SANTIAGO DEL ESTERO CON \u201cALQUIMIA\u201d Y SUS GRANDES \u00c9XITOS"},"content":{"rendered":"\n<p>La reconocida cantante Patricia Sosa, una de las voces m\u00e1s emblem\u00e1ticas y queridas de la m\u00fasica argentina, presentar\u00e1 en Santiago del Estero su nueva gira nacional titulada \u201cAlquimia\u201d. <\/p>\n\n\n\n<p>\u201cAlquimia\u201d es tambi\u00e9n el nombre de su reciente \u00e1lbum realizado junto al prestigioso artista mexicano Manuel Mijares, en el que propone un viaje sonoro donde conviven cl\u00e1sicos inolvidables con nuevas interpretaciones llenas de fuerza y sensibilidad.<\/p>\n\n\n\n<p>Due\u00f1a de un talento \u00fanico, capaz de brillar con la potencia del rock o emocionar con la dulzura de una balada, Patricia Sosa se reencontrar\u00e1 con sus seguidores santiague\u00f1os en una noche de celebraci\u00f3n y m\u00fasica que promete ser inolvidable.<\/p>\n\n\n\n<p>Las entradas ya se encuentran disponibles en Norteticket.com y en la boleter\u00eda del teatro.<\/p>\n\n\n","protected":false},"excerpt":{"rendered":"<p>El esperado encuentro con el p\u00fablico tendr\u00e1 lugar el pr\u00f3ximo domingo 12 de octubre, a las 21 horas, en el Teatro 25 de Mayo.<\/p>\n","protected":false},"author":2,"featured_media":79292,"comment_status":"open","ping_status":"open","sticky":false,"template":"","format":"standard","meta":{"om_disable_all_campaigns":false,"_monsterinsights_skip_tracking":false,"_monsterinsights_sitenote_active":false,"_monsterinsights_sitenote_note":"","_monsterinsights_sitenote_category":0,"_uf_show_specific_survey":0,"_uf_disable_surveys":false,"jetpack_post_was_ever_published":false,"_jetpack_newsletter_access":"","_jetpack_dont_email_post_to_subs":false,"_jetpack_newsletter_tier_id":0,"_jetpack_memberships_contains_paywalled_content":false,"_jetpack_memberships_contains_paid_content":false,"footnotes":"","jetpack_publicize_message":"","jetpack_publicize_feature_enabled":true,"jetpack_social_post_already_shared":true,"jetpack_social_options":{"image_generator_settings":{"template":"highway","default_image_id":0,"font":"","enabled":false},"version":2}},"categories":[4,20],"tags":[1437],"class_list":["post-79290","post","type-post","status-publish","format-standard","has-post-thumbnail","hentry","category-destacadas","category-especysociales","tag-patricia-sosa"],"aioseo_notices":[],"views":41,"jetpack_publicize_connections":[],"jetpack_featured_media_url":"https:\/\/i0.wp.com\/elterritorialweb.com.ar\/web\/wp-content\/uploads\/2025\/09\/IMG-20250930-WA0007.jpg?fit=1600%2C1060&ssl=1","jetpack_sharing_enabled":true,"_links":{"self":[{"href":"https:\/\/elterritorialweb.com.ar\/web\/wp-json\/wp\/v2\/posts\/79290","targetHints":{"allow":["GET"]}}],"collection":[{"href":"https:\/\/elterritorialweb.com.ar\/web\/wp-json\/wp\/v2\/posts"}],"about":[{"href":"https:\/\/elterritorialweb.com.ar\/web\/wp-json\/wp\/v2\/types\/post"}],"author":[{"embeddable":true,"href":"https:\/\/elterritorialweb.com.ar\/web\/wp-json\/wp\/v2\/users\/2"}],"replies":[{"embeddable":true,"href":"https:\/\/elterritorialweb.com.ar\/web\/wp-json\/wp\/v2\/comments?post=79290"}],"version-history":[{"count":1,"href":"https:\/\/elterritorialweb.com.ar\/web\/wp-json\/wp\/v2\/posts\/79290\/revisions"}],"predecessor-version":[{"id":79293,"href":"https:\/\/elterritorialweb.com.ar\/web\/wp-json\/wp\/v2\/posts\/79290\/revisions\/79293"}],"wp:featuredmedia":[{"embeddable":true,"href":"https:\/\/elterritorialweb.com.ar\/web\/wp-json\/wp\/v2\/media\/79292"}],"wp:attachment":[{"href":"https:\/\/elterritorialweb.com.ar\/web\/wp-json\/wp\/v2\/media?parent=79290"}],"wp:term":[{"taxonomy":"category","embeddable":true,"href":"https:\/\/elterritorialweb.com.ar\/web\/wp-json\/wp\/v2\/categories?post=79290"},{"taxonomy":"post_tag","embeddable":true,"href":"https:\/\/elterritorialweb.com.ar\/web\/wp-json\/wp\/v2\/tags?post=79290"}],"curies":[{"name":"wp","href":"https:\/\/api.w.org\/{rel}","templated":true}]}}