{"id":81032,"date":"2025-12-23T22:05:10","date_gmt":"2025-12-23T22:05:10","guid":{"rendered":"https:\/\/elterritorialweb.com.ar\/web\/?p=81032"},"modified":"2025-12-23T22:05:12","modified_gmt":"2025-12-23T22:05:12","slug":"nediani-agasajo-a-empleados-municipales-con-un-brindis-navideno","status":"publish","type":"post","link":"https:\/\/elterritorialweb.com.ar\/web\/nediani-agasajo-a-empleados-municipales-con-un-brindis-navideno\/","title":{"rendered":"NEDIANI AGASAJ\u00d3 A EMPLEADOS MUNICIPALES CON UN BRINDIS NAVIDE\u00d1O"},"content":{"rendered":"\n<p>El intendente de La Banda, Ing. Roger E. Nediani, agasaj\u00f3 a los empleados municipales con un emotivo brindis navide\u00f1o, en el marco de un encuentro destinado a reconocer el esfuerzo y la dedicaci\u00f3n de quienes trabajan diariamente al servicio de la comunidad.<\/p>\n\n\n\n<p>Durante su mensaje, el jefe comunal subray\u00f3 la importancia del trabajo en equipo como pilar fundamental para alcanzar los objetivos comunes y remarc\u00f3 que la uni\u00f3n de todos los vecinos es clave para el progreso y el crecimiento de la ciudad. \u201cNo es solo un brindis, es un s\u00edmbolo de nuestro compromiso con la ciudad y con cada uno de ustedes\u201d, expres\u00f3.<\/p>\n\n\n\n<p>Asimismo, Nediani destac\u00f3 que La Banda es una ciudad que apuesta al desarrollo integral, basado en valores, infraestructura y crecimiento comunitario. \u201cEso solo es posible si trabajamos juntos, con perseverancia y fraternidad\u201d, se\u00f1al\u00f3.<\/p>\n\n\n\n<p>El brindis navide\u00f1o se convirti\u00f3 en un espacio de camarader\u00eda y reflexi\u00f3n, donde autoridades y trabajadores compartieron un balance del a\u00f1o que culmina y renovaron expectativas frente a los desaf\u00edos venideros. \u201cQuiero agradecer a cada uno de ustedes por su dedicaci\u00f3n y compromiso con la ciudad. Juntos, podemos hacer de La Banda un lugar cada vez mejor\u201d, concluy\u00f3 el Intendente.<\/p>\n\n\n\n<p>El encuentro cont\u00f3 con la presencia de funcionarios municipales y empleados de distintas \u00e1reas de la Municipalidad de La Banda, quienes participaron de este gesto de reconocimiento y celebraci\u00f3n en v\u00edsperas de las fiestas de fin de a\u00f1o.<\/p>\n\n\n\n<p><\/p>\n","protected":false},"excerpt":{"rendered":"<p>El jefe comunal de La Banda comparti\u00f3 un encuentro de camarader\u00eda con trabajadores municipales, donde destac\u00f3 el valor del trabajo en equipo, la uni\u00f3n y el compromiso con el crecimiento de la ciudad.<\/p>\n","protected":false},"author":2,"featured_media":81033,"comment_status":"open","ping_status":"open","sticky":false,"template":"","format":"standard","meta":{"om_disable_all_campaigns":false,"_monsterinsights_skip_tracking":false,"_monsterinsights_sitenote_active":false,"_monsterinsights_sitenote_note":"","_monsterinsights_sitenote_category":0,"_uf_show_specific_survey":0,"_uf_disable_surveys":false,"jetpack_post_was_ever_published":false,"_jetpack_newsletter_access":"","_jetpack_dont_email_post_to_subs":false,"_jetpack_newsletter_tier_id":0,"_jetpack_memberships_contains_paywalled_content":false,"_jetpack_memberships_contains_paid_content":false,"footnotes":"","jetpack_publicize_message":"","jetpack_publicize_feature_enabled":true,"jetpack_social_post_already_shared":true,"jetpack_social_options":{"image_generator_settings":{"template":"highway","default_image_id":0,"font":"","enabled":false},"version":2}},"categories":[9,4],"tags":[1576,71,51],"class_list":["post-81032","post","type-post","status-publish","format-standard","has-post-thumbnail","hentry","category-banda","category-destacadas","tag-brindis-navideno","tag-municipalidad-de-la-banda","tag-roger-nediani"],"aioseo_notices":[],"views":13,"jetpack_publicize_connections":[],"jetpack_featured_media_url":"https:\/\/i0.wp.com\/elterritorialweb.com.ar\/web\/wp-content\/uploads\/2025\/12\/IMG-20251223-WA0024.jpg?fit=1280%2C851&ssl=1","jetpack_sharing_enabled":true,"_links":{"self":[{"href":"https:\/\/elterritorialweb.com.ar\/web\/wp-json\/wp\/v2\/posts\/81032","targetHints":{"allow":["GET"]}}],"collection":[{"href":"https:\/\/elterritorialweb.com.ar\/web\/wp-json\/wp\/v2\/posts"}],"about":[{"href":"https:\/\/elterritorialweb.com.ar\/web\/wp-json\/wp\/v2\/types\/post"}],"author":[{"embeddable":true,"href":"https:\/\/elterritorialweb.com.ar\/web\/wp-json\/wp\/v2\/users\/2"}],"replies":[{"embeddable":true,"href":"https:\/\/elterritorialweb.com.ar\/web\/wp-json\/wp\/v2\/comments?post=81032"}],"version-history":[{"count":1,"href":"https:\/\/elterritorialweb.com.ar\/web\/wp-json\/wp\/v2\/posts\/81032\/revisions"}],"predecessor-version":[{"id":81034,"href":"https:\/\/elterritorialweb.com.ar\/web\/wp-json\/wp\/v2\/posts\/81032\/revisions\/81034"}],"wp:featuredmedia":[{"embeddable":true,"href":"https:\/\/elterritorialweb.com.ar\/web\/wp-json\/wp\/v2\/media\/81033"}],"wp:attachment":[{"href":"https:\/\/elterritorialweb.com.ar\/web\/wp-json\/wp\/v2\/media?parent=81032"}],"wp:term":[{"taxonomy":"category","embeddable":true,"href":"https:\/\/elterritorialweb.com.ar\/web\/wp-json\/wp\/v2\/categories?post=81032"},{"taxonomy":"post_tag","embeddable":true,"href":"https:\/\/elterritorialweb.com.ar\/web\/wp-json\/wp\/v2\/tags?post=81032"}],"curies":[{"name":"wp","href":"https:\/\/api.w.org\/{rel}","templated":true}]}}