{"id":81138,"date":"2026-01-06T13:30:39","date_gmt":"2026-01-06T13:30:39","guid":{"rendered":"https:\/\/elterritorialweb.com.ar\/web\/?p=81138"},"modified":"2026-01-06T13:30:42","modified_gmt":"2026-01-06T13:30:42","slug":"se-encuentran-abiertas-las-preinscripciones-para-las-carreras-del-itse-en-el-ciclo-lectivo-2026","status":"publish","type":"post","link":"https:\/\/elterritorialweb.com.ar\/web\/se-encuentran-abiertas-las-preinscripciones-para-las-carreras-del-itse-en-el-ciclo-lectivo-2026\/","title":{"rendered":"SE ENCUENTRAN ABIERTAS LAS PREINSCRIPCIONES PARA LAS CARRERAS DEL ITSE EN EL CICLO LECTIVO 2026"},"content":{"rendered":"\n<p>El <strong>Instituto Tecnol\u00f3gico de Santiago del Estero (ITSE), <\/strong>dependiente del <strong>Ministerio de Educaci\u00f3n, Ciencia y Tecnolog\u00eda <\/strong>de la provincia, anunci\u00f3 la apertura de las <strong>preinscripciones para el Ciclo Lectivo 2026, <\/strong>destinadas a quienes deseen cursar tecnicaturas superiores en Desarrollo de Software, Ciencia de Datos e Inteligencia Artificial y Biotecnolog\u00eda.<\/p>\n\n\n\n<p>En este marco, el director del ITSE, <strong>Mario Benavente,<\/strong> inform\u00f3 que durante <strong>diciembre pasado egresaron cerca de 200 t\u00e9cnicos y t\u00e9cnicas superiores en las carreras de Desarrollo de Software, Gesti\u00f3n de Energ\u00edas Renovables y Ciencia de Datos e Inteligencia Artificial, <\/strong>consolidando el crecimiento sostenido de la instituci\u00f3n en \u00e1reas estrat\u00e9gicas para el desarrollo productivo y tecnol\u00f3gico de la provincia.<\/p>\n\n\n\n<p>Asimismo, destac\u00f3 que durante el a\u00f1o 2025 se puso en marcha el dictado de la Tecnicatura Superior en Biotecnolog\u00eda, subrayando que <em>\u201ceste logro es posible gracias al esfuerzo del Gobierno de la provincia, que sostiene estas pol\u00edticas educativas y garantiza el cursado gratuito de todas las ofertas acad\u00e9micas\u201d. <\/em>En ese sentido, tambi\u00e9n remarc\u00f3 la articulaci\u00f3n de dos tecnicaturas con ocho municipios, ampliando el acceso a la formaci\u00f3n t\u00e9cnica en el interior provincial.<\/p>\n\n\n\n<p>La <strong>preinscripci\u00f3n se realiza exclusivamente a trav\u00e9s del sitio web oficial del ITSE<\/strong> y se encuentra habilitada <strong>desde el 26 de diciembre hasta el 31 de enero<\/strong>. Posteriormente, los aspirantes deber\u00e1n realizar un curso de iniciaci\u00f3n virtual, que comenzar\u00e1 en febrero y tendr\u00e1 una duraci\u00f3n de un mes.<\/p>\n\n\n\n<p><strong>Las carreras se dictar\u00e1n de manera presencial, con inicio previsto para el mes de abril<\/strong>. Desde la instituci\u00f3n resaltaron que las propuestas formativas se caracterizan por un alto nivel de pr\u00e1cticas, orientadas a vincular de forma temprana los procesos educativos con el \u00e1mbito laboral, por lo que se requiere contar con disponibilidad horaria para su desarrollo.<\/p>\n\n\n\n<p>Para obtener m\u00e1s informaci\u00f3n y completar el proceso de preinscripci\u00f3n, los interesados pueden ingresar a la p\u00e1gina oficial del instituto: <a href=\"https:\/\/www.itse.gob.ar\/view\/i1.php\"><strong>www.itse.gob.ar<\/strong><\/a>.<\/p>\n\n\n\n<p><\/p>\n","protected":false},"excerpt":{"rendered":"<p>El Instituto Tecnol\u00f3gico de Santiago del Estero ofrece tecnicaturas superiores gratuitas y con fuerte orientaci\u00f3n pr\u00e1ctica. La preinscripci\u00f3n online estar\u00e1 disponible hasta el 31 de enero.<\/p>\n","protected":false},"author":2,"featured_media":81141,"comment_status":"open","ping_status":"open","sticky":false,"template":"","format":"standard","meta":{"om_disable_all_campaigns":false,"_monsterinsights_skip_tracking":false,"_monsterinsights_sitenote_active":false,"_monsterinsights_sitenote_note":"","_monsterinsights_sitenote_category":0,"_uf_show_specific_survey":0,"_uf_disable_surveys":false,"jetpack_post_was_ever_published":false,"_jetpack_newsletter_access":"","_jetpack_dont_email_post_to_subs":false,"_jetpack_newsletter_tier_id":0,"_jetpack_memberships_contains_paywalled_content":false,"_jetpack_memberships_contains_paid_content":false,"footnotes":"","jetpack_publicize_message":"","jetpack_publicize_feature_enabled":true,"jetpack_social_post_already_shared":true,"jetpack_social_options":{"image_generator_settings":{"template":"highway","default_image_id":0,"font":"","enabled":false},"version":2}},"categories":[4,19],"tags":[1583],"class_list":["post-81138","post","type-post","status-publish","format-standard","has-post-thumbnail","hentry","category-destacadas","category-educacion","tag-instituto-tecnologico-de-santiago-del-estero-itse"],"aioseo_notices":[],"views":13,"jetpack_publicize_connections":[],"jetpack_featured_media_url":"https:\/\/i0.wp.com\/elterritorialweb.com.ar\/web\/wp-content\/uploads\/2026\/01\/claseNico4.jpg?fit=659%2C420&ssl=1","jetpack_sharing_enabled":true,"_links":{"self":[{"href":"https:\/\/elterritorialweb.com.ar\/web\/wp-json\/wp\/v2\/posts\/81138","targetHints":{"allow":["GET"]}}],"collection":[{"href":"https:\/\/elterritorialweb.com.ar\/web\/wp-json\/wp\/v2\/posts"}],"about":[{"href":"https:\/\/elterritorialweb.com.ar\/web\/wp-json\/wp\/v2\/types\/post"}],"author":[{"embeddable":true,"href":"https:\/\/elterritorialweb.com.ar\/web\/wp-json\/wp\/v2\/users\/2"}],"replies":[{"embeddable":true,"href":"https:\/\/elterritorialweb.com.ar\/web\/wp-json\/wp\/v2\/comments?post=81138"}],"version-history":[{"count":1,"href":"https:\/\/elterritorialweb.com.ar\/web\/wp-json\/wp\/v2\/posts\/81138\/revisions"}],"predecessor-version":[{"id":81142,"href":"https:\/\/elterritorialweb.com.ar\/web\/wp-json\/wp\/v2\/posts\/81138\/revisions\/81142"}],"wp:featuredmedia":[{"embeddable":true,"href":"https:\/\/elterritorialweb.com.ar\/web\/wp-json\/wp\/v2\/media\/81141"}],"wp:attachment":[{"href":"https:\/\/elterritorialweb.com.ar\/web\/wp-json\/wp\/v2\/media?parent=81138"}],"wp:term":[{"taxonomy":"category","embeddable":true,"href":"https:\/\/elterritorialweb.com.ar\/web\/wp-json\/wp\/v2\/categories?post=81138"},{"taxonomy":"post_tag","embeddable":true,"href":"https:\/\/elterritorialweb.com.ar\/web\/wp-json\/wp\/v2\/tags?post=81138"}],"curies":[{"name":"wp","href":"https:\/\/api.w.org\/{rel}","templated":true}]}}