{"id":81143,"date":"2026-01-06T13:46:55","date_gmt":"2026-01-06T13:46:55","guid":{"rendered":"https:\/\/elterritorialweb.com.ar\/web\/?p=81143"},"modified":"2026-01-06T13:46:58","modified_gmt":"2026-01-06T13:46:58","slug":"central-cordoba-ya-tiene-agenda-definida-para-el-torneo-apertura-2026","status":"publish","type":"post","link":"https:\/\/elterritorialweb.com.ar\/web\/central-cordoba-ya-tiene-agenda-definida-para-el-torneo-apertura-2026\/","title":{"rendered":"CENTRAL C\u00d3RDOBA YA TIENE AGENDA DEFINIDA PARA EL TORNEO APERTURA 2026"},"content":{"rendered":"\n<p>La <strong>Liga Profesional de F\u00fatbol de la AFA <\/strong>dio a conocer la <strong>programaci\u00f3n oficial de las fechas 1 a la 12 del Torneo Apertura 2026<\/strong>, cronograma que contempla distintos criterios generales y espec\u00edficos con el objetivo de ordenar la competencia, garantizar descansos adecuados y acompa\u00f1ar la participaci\u00f3n de los clubes argentinos en torneos internacionales.<\/p>\n\n\n\n<p>Desde la organizaci\u00f3n se inform\u00f3 que, si bien el Convenio Colectivo establece un descanso m\u00ednimo de 48 horas h\u00e1biles entre partidos, se trabaj\u00f3 para que la mayor\u00eda de los encuentros cuenten con al menos 96 horas de recuperaci\u00f3n, reduciendo a menos del 10% los casos con solo 72 horas. <\/p>\n\n\n\n<p>Adem\u00e1s, se tuvieron en cuenta las solicitudes de seguridad \u2014especialmente en CABA y AMBA\u2014, los requerimientos televisivos para distribuir los partidos entre viernes y lunes, y el horario de verano, que rige hasta la fecha 10 inclusive, fijando como inicio m\u00ednimo las 17 horas.<\/p>\n\n\n\n<p>En el plano espec\u00edfico, el calendario fue coordinado con la Copa Argentina y las competencias continentales como la Copa Libertadores y la Recopa Sudamericana, evitando superposiciones y contemplando posibles reprogramaciones en caso de avanzar de fase los equipos involucrados.<\/p>\n\n\n\n<p>En este contexto, <strong>Central C\u00f3rdoba<\/strong> de Santiago del Estero ya conoce su hoja de ruta para el inicio del campeonato, con partidos exigentes y compromisos tanto de local como de visitante.<\/p>\n\n\n\n<p><strong>Agenda de Central C\u00f3rdoba \u2013 Torneo Apertura 2026<\/strong><\/p>\n\n\n\n<p>Fecha 1: Jueves 22 de enero | 22.15<br>Central C\u00f3rdoba vs. Gimnasia de Mendoza<br>Fecha 2: Martes 27 de enero | 22.15<br>Atl\u00e9tico Tucum\u00e1n vs. Central C\u00f3rdoba<br>Fecha 3: S\u00e1bado 31 de enero | 17.30<br>San Lorenzo vs. Central C\u00f3rdoba<br>Fecha 4: Viernes 6 de febrero | 21.00<br>Central C\u00f3rdoba vs. Uni\u00f3n de Santa Fe<br>Fecha 5: Domingo 15 de febrero | 22.00<br>Instituto vs. Central C\u00f3rdoba<br>Fecha 6: S\u00e1bado 21 de febrero | 21.30<br>Central C\u00f3rdoba vs. Tigre<br>Fecha 7: Martes 24 de febrero | 19.45<br>Central C\u00f3rdoba vs. Talleres<br>Fecha 8: S\u00e1bado 28 de febrero | 20.00<br>Independiente vs. Central C\u00f3rdoba<br>Fecha 9: Domingo 8 de marzo | 19.15<br>Central C\u00f3rdoba vs. Boca<br>Fecha 10: Jueves 12 de marzo | 17.00<br>Defensa y Justicia vs. Central C\u00f3rdoba<br>Fecha 11: Martes 17 de marzo | 21.15<br>Central C\u00f3rdoba vs. Deportivo Riestra<br>Fecha 12: Lunes 23 de marzo | 19.00<br>Estudiantes vs. Central C\u00f3rdoba<\/p>\n\n\n\n<p>De esta manera, el Ferroviario se prepara para un inicio de temporada intenso, con el desaf\u00edo de sumar puntos desde el arranque y consolidar su rendimiento en una competencia que promete alta exigencia desde la primera fecha.<\/p>\n\n\n\n<p><\/p>\n","protected":false},"excerpt":{"rendered":"<p>La AFA confirm\u00f3 la programaci\u00f3n de las primeras 12 fechas de la Liga Profesional. El Ferroviario debutar\u00e1 el 22 de enero y afrontar\u00e1 un calendario ajustado a criterios deportivos, televisivos y de seguridad.<\/p>\n","protected":false},"author":2,"featured_media":81144,"comment_status":"open","ping_status":"open","sticky":false,"template":"","format":"standard","meta":{"om_disable_all_campaigns":false,"_monsterinsights_skip_tracking":false,"_monsterinsights_sitenote_active":false,"_monsterinsights_sitenote_note":"","_monsterinsights_sitenote_category":0,"_uf_show_specific_survey":0,"_uf_disable_surveys":false,"jetpack_post_was_ever_published":false,"_jetpack_newsletter_access":"","_jetpack_dont_email_post_to_subs":false,"_jetpack_newsletter_tier_id":0,"_jetpack_memberships_contains_paywalled_content":false,"_jetpack_memberships_contains_paid_content":false,"footnotes":"","jetpack_publicize_message":"","jetpack_publicize_feature_enabled":true,"jetpack_social_post_already_shared":true,"jetpack_social_options":{"image_generator_settings":{"template":"highway","default_image_id":0,"font":"","enabled":false},"version":2}},"categories":[6,4],"tags":[69,104],"class_list":["post-81143","post","type-post","status-publish","format-standard","has-post-thumbnail","hentry","category-deportes","category-destacadas","tag-central-cordoba","tag-liga-profesional-de-futbol"],"aioseo_notices":[],"views":32,"jetpack_publicize_connections":[],"jetpack_featured_media_url":"https:\/\/i0.wp.com\/elterritorialweb.com.ar\/web\/wp-content\/uploads\/2026\/01\/WhatsApp-Image-2026-01-02-at-17.38.17.jpeg?fit=500%2C333&ssl=1","jetpack_sharing_enabled":true,"_links":{"self":[{"href":"https:\/\/elterritorialweb.com.ar\/web\/wp-json\/wp\/v2\/posts\/81143","targetHints":{"allow":["GET"]}}],"collection":[{"href":"https:\/\/elterritorialweb.com.ar\/web\/wp-json\/wp\/v2\/posts"}],"about":[{"href":"https:\/\/elterritorialweb.com.ar\/web\/wp-json\/wp\/v2\/types\/post"}],"author":[{"embeddable":true,"href":"https:\/\/elterritorialweb.com.ar\/web\/wp-json\/wp\/v2\/users\/2"}],"replies":[{"embeddable":true,"href":"https:\/\/elterritorialweb.com.ar\/web\/wp-json\/wp\/v2\/comments?post=81143"}],"version-history":[{"count":1,"href":"https:\/\/elterritorialweb.com.ar\/web\/wp-json\/wp\/v2\/posts\/81143\/revisions"}],"predecessor-version":[{"id":81145,"href":"https:\/\/elterritorialweb.com.ar\/web\/wp-json\/wp\/v2\/posts\/81143\/revisions\/81145"}],"wp:featuredmedia":[{"embeddable":true,"href":"https:\/\/elterritorialweb.com.ar\/web\/wp-json\/wp\/v2\/media\/81144"}],"wp:attachment":[{"href":"https:\/\/elterritorialweb.com.ar\/web\/wp-json\/wp\/v2\/media?parent=81143"}],"wp:term":[{"taxonomy":"category","embeddable":true,"href":"https:\/\/elterritorialweb.com.ar\/web\/wp-json\/wp\/v2\/categories?post=81143"},{"taxonomy":"post_tag","embeddable":true,"href":"https:\/\/elterritorialweb.com.ar\/web\/wp-json\/wp\/v2\/tags?post=81143"}],"curies":[{"name":"wp","href":"https:\/\/api.w.org\/{rel}","templated":true}]}}