{"id":81152,"date":"2026-01-06T14:50:05","date_gmt":"2026-01-06T14:50:05","guid":{"rendered":"https:\/\/elterritorialweb.com.ar\/web\/?p=81152"},"modified":"2026-01-06T14:50:07","modified_gmt":"2026-01-06T14:50:07","slug":"anoranza-santiaguena-dos-noches-a-puro-folklore-en-el-nodo-tecnologico","status":"publish","type":"post","link":"https:\/\/elterritorialweb.com.ar\/web\/anoranza-santiaguena-dos-noches-a-puro-folklore-en-el-nodo-tecnologico\/","title":{"rendered":"A\u00d1ORANZA SANTIAGUE\u00d1A: DOS NOCHES A PURO FOLKLORE EN EL NODO TECNOL\u00d3GICO"},"content":{"rendered":"\n<p>Santiago del Estero sumar\u00e1 una nueva propuesta cultural con la realizaci\u00f3n de <strong>\u201cA\u00f1oranza Santiague\u00f1a\u201d,<\/strong> un festival folcl\u00f3rico que tendr\u00e1 lugar los d\u00edas <strong>7 y 8 de febrero en el Nodo Tecnol\u00f3gico<\/strong> del Parque Industrial. El evento promete convertirse en un punto de encuentro para vecinos y turistas, celebrando la identidad y la m\u00fasica popular de la provincia.<\/p>\n\n\n\n<p>La grilla art\u00edstica contar\u00e1 con la presencia de <strong>Raly Barrionuevo, D\u00fao Coplanacu, N\u00e9stor Garnica, Horacio Banegas, Marcelo Toledo, y Demi, Peteco y Roxana Carabajal, <\/strong>adem\u00e1s de <strong>Orellana Lucca,<\/strong> referentes indiscutidos del folklore santiague\u00f1o y nacional, que aportar\u00e1n su impronta a dos noches cargadas de tradici\u00f3n y emoci\u00f3n.<\/p>\n\n\n\n<p>Desde la organizaci\u00f3n adelantaron que en los pr\u00f3ximos d\u00edas se anunciar\u00e1n nuevas incorporaciones a la programaci\u00f3n, con el objetivo de ampliar la propuesta art\u00edstica y convocar a un p\u00fablico diverso. En ese sentido, se confirmar\u00e1 la participaci\u00f3n de un reconocido artista del cuarteto y una banda de rock nacional, sumando nuevos sonidos al festival.<\/p>\n\n\n\n<p><strong>\u201cA\u00f1oranza Santiague\u00f1a\u201d<\/strong> se proyecta as\u00ed como una alternativa cultural innovadora, que pondr\u00e1 en valor a los artistas locales y ofrecer\u00e1 un espect\u00e1culo integral, consolid\u00e1ndose como una cita destacada dentro del calendario cultural de la provincia.<\/p>\n","protected":false},"excerpt":{"rendered":"<p>El festival se realizar\u00e1 el 7 y 8 de febrero en el Parque Industrial y reunir\u00e1 a destacadas figuras de la m\u00fasica popular santiague\u00f1a y nacional.<\/p>\n","protected":false},"author":2,"featured_media":81153,"comment_status":"open","ping_status":"open","sticky":false,"template":"","format":"standard","meta":{"om_disable_all_campaigns":false,"_monsterinsights_skip_tracking":false,"_monsterinsights_sitenote_active":false,"_monsterinsights_sitenote_note":"","_monsterinsights_sitenote_category":0,"_uf_show_specific_survey":0,"_uf_disable_surveys":false,"jetpack_post_was_ever_published":false,"_jetpack_newsletter_access":"","_jetpack_dont_email_post_to_subs":false,"_jetpack_newsletter_tier_id":0,"_jetpack_memberships_contains_paywalled_content":false,"_jetpack_memberships_contains_paid_content":false,"footnotes":"","jetpack_publicize_message":"","jetpack_publicize_feature_enabled":true,"jetpack_social_post_already_shared":true,"jetpack_social_options":{"image_generator_settings":{"template":"highway","default_image_id":0,"font":"","enabled":false},"version":2}},"categories":[4,20],"tags":[1425],"class_list":["post-81152","post","type-post","status-publish","format-standard","has-post-thumbnail","hentry","category-destacadas","category-especysociales","tag-pena-anoranza-santiaguena"],"aioseo_notices":[],"views":57,"jetpack_publicize_connections":[],"jetpack_featured_media_url":"https:\/\/i0.wp.com\/elterritorialweb.com.ar\/web\/wp-content\/uploads\/2026\/01\/IMG-20260106-WA0028.jpg?fit=1010%2C567&ssl=1","jetpack_sharing_enabled":true,"_links":{"self":[{"href":"https:\/\/elterritorialweb.com.ar\/web\/wp-json\/wp\/v2\/posts\/81152","targetHints":{"allow":["GET"]}}],"collection":[{"href":"https:\/\/elterritorialweb.com.ar\/web\/wp-json\/wp\/v2\/posts"}],"about":[{"href":"https:\/\/elterritorialweb.com.ar\/web\/wp-json\/wp\/v2\/types\/post"}],"author":[{"embeddable":true,"href":"https:\/\/elterritorialweb.com.ar\/web\/wp-json\/wp\/v2\/users\/2"}],"replies":[{"embeddable":true,"href":"https:\/\/elterritorialweb.com.ar\/web\/wp-json\/wp\/v2\/comments?post=81152"}],"version-history":[{"count":1,"href":"https:\/\/elterritorialweb.com.ar\/web\/wp-json\/wp\/v2\/posts\/81152\/revisions"}],"predecessor-version":[{"id":81154,"href":"https:\/\/elterritorialweb.com.ar\/web\/wp-json\/wp\/v2\/posts\/81152\/revisions\/81154"}],"wp:featuredmedia":[{"embeddable":true,"href":"https:\/\/elterritorialweb.com.ar\/web\/wp-json\/wp\/v2\/media\/81153"}],"wp:attachment":[{"href":"https:\/\/elterritorialweb.com.ar\/web\/wp-json\/wp\/v2\/media?parent=81152"}],"wp:term":[{"taxonomy":"category","embeddable":true,"href":"https:\/\/elterritorialweb.com.ar\/web\/wp-json\/wp\/v2\/categories?post=81152"},{"taxonomy":"post_tag","embeddable":true,"href":"https:\/\/elterritorialweb.com.ar\/web\/wp-json\/wp\/v2\/tags?post=81152"}],"curies":[{"name":"wp","href":"https:\/\/api.w.org\/{rel}","templated":true}]}}