{"id":81155,"date":"2026-01-06T18:04:17","date_gmt":"2026-01-06T18:04:17","guid":{"rendered":"https:\/\/elterritorialweb.com.ar\/web\/?p=81155"},"modified":"2026-01-06T18:04:20","modified_gmt":"2026-01-06T18:04:20","slug":"campana-solidaria-todos-por-antonella-convocan-a-la-comunidad-santiaguena-a-colaborar-con-su-tratamiento","status":"publish","type":"post","link":"https:\/\/elterritorialweb.com.ar\/web\/campana-solidaria-todos-por-antonella-convocan-a-la-comunidad-santiaguena-a-colaborar-con-su-tratamiento\/","title":{"rendered":"CAMPA\u00d1A SOLIDARIA \u201cTODOS POR ANTONELLA\u201d: CONVOCAN A LA COMUNIDAD SANTIAGUE\u00d1A A COLABORAR CON SU TRATAMIENTO"},"content":{"rendered":"\n<p>Roc\u00edo Antonella Angella atraviesa un delicado momento de salud tras haber sido diagnosticada con un tumor cerebral grado 3, maligno, localizado en el hipot\u00e1lamo izquierdo. Ante esta situaci\u00f3n, se lanz\u00f3 la campa\u00f1a solidaria \u201cTodos por Antonella\u201d, con el objetivo de reunir los recursos necesarios para solventar su tratamiento m\u00e9dico.<\/p>\n\n\n\n<p>Desde su entorno convocan a la comunidad santiague\u00f1a a sumar su aporte solidario. Para quienes deseen colaborar econ\u00f3micamente, se habilit\u00f3 una cuenta a nombre de Roc\u00edo Antonella Angella, a trav\u00e9s de Mercado Pago, con el alias ROCIO.ANGELLA.<\/p>\n\n\n\n<p>Adem\u00e1s, se encuentra en plena organizaci\u00f3n un T\u00e9 Bingo Solidario, cuya realizaci\u00f3n est\u00e1 prevista de manera aproximada para el 25 de enero, en el horario de 17:00 a 22:00 horas. Para este evento, se solicita la colaboraci\u00f3n de firmas comerciales, emprendedores y vecinos que puedan aportar productos de panader\u00eda, alimentos para el t\u00e9, aguas, gaseosas y otros elementos que permitan concretar los sorteos.<\/p>\n\n\n\n<p>Las donaciones y colaboraciones recibidas ser\u00e1n difundidas en las redes sociales de Antonella el d\u00eda del evento, como forma de agradecimiento y transparencia. Asimismo, se invita a locutores o locutoras que deseen sumarse de manera solidaria para acompa\u00f1ar la jornada.<\/p>\n\n\n\n<p>Quienes deseen comunicarse o colaborar pueden hacerlo a trav\u00e9s de los siguientes canales:<br>Facebook: antonella.angella.5<br>Instagram: @antoangella<br>WhatsApp: (0385) 156-162-637<\/p>\n\n\n\n<p>A trav\u00e9s de sus redes, Antonella env\u00eda un mensaje claro y conmovedor: \u201cDeseo vivir y, entre todos nosotros, los santiague\u00f1os, podemos hacer realidad ese sue\u00f1o\u201d.<\/p>\n\n\n\n<p>Desde la organizaci\u00f3n reiteran el pedido de apoyo y difusi\u00f3n de esta iniciativa solidaria, destacando que cada aporte, por peque\u00f1o que sea, suma y puede marcar una diferencia fundamental en este dif\u00edcil momento.<\/p>\n","protected":false},"excerpt":{"rendered":"<p>Roc\u00edo Antonella Angella fue diagnosticada con un tumor cerebral grado 3, maligno, ubicado en el hipot\u00e1lamo izquierdo. Familiares y allegados impulsan una campa\u00f1a solidaria para reunir fondos destinados a su tratamiento oncol\u00f3gico y convocan a la colaboraci\u00f3n de toda la sociedad.<\/p>\n","protected":false},"author":2,"featured_media":81156,"comment_status":"open","ping_status":"open","sticky":false,"template":"","format":"standard","meta":{"om_disable_all_campaigns":false,"_monsterinsights_skip_tracking":false,"_monsterinsights_sitenote_active":false,"_monsterinsights_sitenote_note":"","_monsterinsights_sitenote_category":0,"_uf_show_specific_survey":0,"_uf_disable_surveys":false,"jetpack_post_was_ever_published":false,"_jetpack_newsletter_access":"","_jetpack_dont_email_post_to_subs":false,"_jetpack_newsletter_tier_id":0,"_jetpack_memberships_contains_paywalled_content":false,"_jetpack_memberships_contains_paid_content":false,"footnotes":"","jetpack_publicize_message":"","jetpack_publicize_feature_enabled":true,"jetpack_social_post_already_shared":true,"jetpack_social_options":{"image_generator_settings":{"template":"highway","default_image_id":0,"font":"","enabled":false},"version":2}},"categories":[4,21],"tags":[],"class_list":["post-81155","post","type-post","status-publish","format-standard","has-post-thumbnail","hentry","category-destacadas","category-locales"],"aioseo_notices":[],"views":27,"jetpack_publicize_connections":[],"jetpack_featured_media_url":"https:\/\/i0.wp.com\/elterritorialweb.com.ar\/web\/wp-content\/uploads\/2026\/01\/IMG-20260106-WA0042.jpg?fit=828%2C942&ssl=1","jetpack_sharing_enabled":true,"_links":{"self":[{"href":"https:\/\/elterritorialweb.com.ar\/web\/wp-json\/wp\/v2\/posts\/81155","targetHints":{"allow":["GET"]}}],"collection":[{"href":"https:\/\/elterritorialweb.com.ar\/web\/wp-json\/wp\/v2\/posts"}],"about":[{"href":"https:\/\/elterritorialweb.com.ar\/web\/wp-json\/wp\/v2\/types\/post"}],"author":[{"embeddable":true,"href":"https:\/\/elterritorialweb.com.ar\/web\/wp-json\/wp\/v2\/users\/2"}],"replies":[{"embeddable":true,"href":"https:\/\/elterritorialweb.com.ar\/web\/wp-json\/wp\/v2\/comments?post=81155"}],"version-history":[{"count":1,"href":"https:\/\/elterritorialweb.com.ar\/web\/wp-json\/wp\/v2\/posts\/81155\/revisions"}],"predecessor-version":[{"id":81157,"href":"https:\/\/elterritorialweb.com.ar\/web\/wp-json\/wp\/v2\/posts\/81155\/revisions\/81157"}],"wp:featuredmedia":[{"embeddable":true,"href":"https:\/\/elterritorialweb.com.ar\/web\/wp-json\/wp\/v2\/media\/81156"}],"wp:attachment":[{"href":"https:\/\/elterritorialweb.com.ar\/web\/wp-json\/wp\/v2\/media?parent=81155"}],"wp:term":[{"taxonomy":"category","embeddable":true,"href":"https:\/\/elterritorialweb.com.ar\/web\/wp-json\/wp\/v2\/categories?post=81155"},{"taxonomy":"post_tag","embeddable":true,"href":"https:\/\/elterritorialweb.com.ar\/web\/wp-json\/wp\/v2\/tags?post=81155"}],"curies":[{"name":"wp","href":"https:\/\/api.w.org\/{rel}","templated":true}]}}