{"id":81271,"date":"2026-01-16T15:36:23","date_gmt":"2026-01-16T15:36:23","guid":{"rendered":"https:\/\/elterritorialweb.com.ar\/web\/?p=81271"},"modified":"2026-01-16T15:36:59","modified_gmt":"2026-01-16T15:36:59","slug":"el-comite-de-emergencias-intensifico-los-trabajos-tras-las-lluvias-en-la-banda","status":"publish","type":"post","link":"https:\/\/elterritorialweb.com.ar\/web\/el-comite-de-emergencias-intensifico-los-trabajos-tras-las-lluvias-en-la-banda\/","title":{"rendered":"EL COMIT\u00c9 DE EMERGENCIAS INTENSIFIC\u00d3 LOS TRABAJOS TRAS LAS LLUVIAS EN LA BANDA"},"content":{"rendered":"\n<p>El <strong>Comit\u00e9 de Emergencias de la Municipalidad de La Banda, <\/strong>presidido por el intendente <strong>Roger E. Nediani<\/strong>, intensific\u00f3 los trabajos de asistencia y prevenci\u00f3n luego de las intensas lluvias registradas durante la madrugada del viernes. Las acciones se desarrollan en distintos puntos de la ciudad con el objetivo de mitigar los efectos de las precipitaciones y garantizar el normal escurrimiento del agua.<\/p>\n\n\n\n<p>Desde el Municipio informaron que, tras conocerse el alerta meteorol\u00f3gico, las diferentes \u00e1reas comenzaron a trabajar de manera articulada. En ese marco, se destac\u00f3 que las bombas de desag\u00fce se encuentran funcionando correctamente y se record\u00f3 a los vecinos que pueden comunicarse a los tel\u00e9fonos de emergencia ante cualquier inconveniente.<\/p>\n\n\n\n<p>La <strong>Direcci\u00f3n de Higiene<\/strong> lleva adelante tareas de limpieza desde horas tempranas en diversos sectores, entre ellos el frente del <strong>Cementerio local, calle Misiones, calle Aconcagua \u2014desde Libertador hasta Alberdi\u2014, la zona de Paul Harris y calle Tucum\u00e1n.<\/strong> En estos lugares se procedi\u00f3 adem\u00e1s a la erradicaci\u00f3n de minibasurales que obstru\u00edan el escurrimiento del agua.<\/p>\n\n\n\n<p>Por su parte, la <strong>Secretar\u00eda de Obras P\u00fablicas<\/strong> inform\u00f3 que las bombas contin\u00faan operativas y subray\u00f3 la importancia de los trabajos de desag\u00fce que se vienen ejecutando, los cuales permiten un drenaje m\u00e1s r\u00e1pido del agua acumulada durante las lluvias.<\/p>\n\n\n\n<p>Finalmente, desde la <strong>Estaci\u00f3n Meteorol\u00f3gica<\/strong> ubicada en <strong>Alerta Banda<\/strong> advirtieron que las precipitaciones continuar\u00e1n en las pr\u00f3ximas horas. Ante esta situaci\u00f3n, se solicita la colaboraci\u00f3n de los vecinos evitando arrojar residuos en la v\u00eda p\u00fablica, una acci\u00f3n clave para prevenir anegamientos y asegurar el correcto funcionamiento del sistema de desag\u00fces.<\/p>\n","protected":false},"excerpt":{"rendered":"<p>El Municipio despliega tareas de asistencia, limpieza y desag\u00fce en distintos sectores de la ciudad, mientras se mantiene el alerta por nuevas precipitaciones.<\/p>\n","protected":false},"author":2,"featured_media":81272,"comment_status":"open","ping_status":"open","sticky":false,"template":"","format":"standard","meta":{"om_disable_all_campaigns":false,"_monsterinsights_skip_tracking":false,"_monsterinsights_sitenote_active":false,"_monsterinsights_sitenote_note":"","_monsterinsights_sitenote_category":0,"_uf_show_specific_survey":0,"_uf_disable_surveys":false,"jetpack_post_was_ever_published":false,"_jetpack_newsletter_access":"","_jetpack_dont_email_post_to_subs":false,"_jetpack_newsletter_tier_id":0,"_jetpack_memberships_contains_paywalled_content":false,"_jetpack_memberships_contains_paid_content":false,"footnotes":"","jetpack_publicize_message":"","jetpack_publicize_feature_enabled":true,"jetpack_social_post_already_shared":true,"jetpack_social_options":{"image_generator_settings":{"template":"highway","default_image_id":0,"font":"","enabled":false},"version":2}},"categories":[9,4],"tags":[1541,71],"class_list":["post-81271","post","type-post","status-publish","format-standard","has-post-thumbnail","hentry","category-banda","category-destacadas","tag-comite-de-emergencia-2","tag-municipalidad-de-la-banda"],"aioseo_notices":[],"views":8,"jetpack_publicize_connections":[],"jetpack_featured_media_url":"https:\/\/i0.wp.com\/elterritorialweb.com.ar\/web\/wp-content\/uploads\/2026\/01\/IMG-20260116-WA0003.jpg?fit=1600%2C862&ssl=1","jetpack_sharing_enabled":true,"_links":{"self":[{"href":"https:\/\/elterritorialweb.com.ar\/web\/wp-json\/wp\/v2\/posts\/81271","targetHints":{"allow":["GET"]}}],"collection":[{"href":"https:\/\/elterritorialweb.com.ar\/web\/wp-json\/wp\/v2\/posts"}],"about":[{"href":"https:\/\/elterritorialweb.com.ar\/web\/wp-json\/wp\/v2\/types\/post"}],"author":[{"embeddable":true,"href":"https:\/\/elterritorialweb.com.ar\/web\/wp-json\/wp\/v2\/users\/2"}],"replies":[{"embeddable":true,"href":"https:\/\/elterritorialweb.com.ar\/web\/wp-json\/wp\/v2\/comments?post=81271"}],"version-history":[{"count":1,"href":"https:\/\/elterritorialweb.com.ar\/web\/wp-json\/wp\/v2\/posts\/81271\/revisions"}],"predecessor-version":[{"id":81273,"href":"https:\/\/elterritorialweb.com.ar\/web\/wp-json\/wp\/v2\/posts\/81271\/revisions\/81273"}],"wp:featuredmedia":[{"embeddable":true,"href":"https:\/\/elterritorialweb.com.ar\/web\/wp-json\/wp\/v2\/media\/81272"}],"wp:attachment":[{"href":"https:\/\/elterritorialweb.com.ar\/web\/wp-json\/wp\/v2\/media?parent=81271"}],"wp:term":[{"taxonomy":"category","embeddable":true,"href":"https:\/\/elterritorialweb.com.ar\/web\/wp-json\/wp\/v2\/categories?post=81271"},{"taxonomy":"post_tag","embeddable":true,"href":"https:\/\/elterritorialweb.com.ar\/web\/wp-json\/wp\/v2\/tags?post=81271"}],"curies":[{"name":"wp","href":"https:\/\/api.w.org\/{rel}","templated":true}]}}