{"id":81278,"date":"2026-01-16T19:23:12","date_gmt":"2026-01-16T19:23:12","guid":{"rendered":"https:\/\/elterritorialweb.com.ar\/web\/?p=81278"},"modified":"2026-01-16T19:23:15","modified_gmt":"2026-01-16T19:23:15","slug":"jorge-luis-carabajal-expuso-la-dificil-situacion-economica-tras-el-festival-nacional-de-la-chacarera-2026","status":"publish","type":"post","link":"https:\/\/elterritorialweb.com.ar\/web\/jorge-luis-carabajal-expuso-la-dificil-situacion-economica-tras-el-festival-nacional-de-la-chacarera-2026\/","title":{"rendered":"JORGE LUIS CARABAJAL EXPUSO LA DIF\u00cdCIL SITUACI\u00d3N ECON\u00d3MICA TRAS EL FESTIVAL NACIONAL DE LA CHACARERA 2026"},"content":{"rendered":"\n<p>El m\u00fasico y gestor cultural <strong>Jorge Luis Carabajal<\/strong> realiz\u00f3 un posteo p\u00fablico en el que explic\u00f3 la compleja situaci\u00f3n econ\u00f3mica que atraviesa luego de la <strong>edici\u00f3n 2026 del Festival Nacional de la Chacarera,<\/strong> evento que organiza de manera autogestionada desde hace a\u00f1os.<\/p>\n\n\n\n<p><strong>Carabajal<\/strong>, con una trayectoria de 36 a\u00f1os ininterrumpidos en la m\u00fasica, se\u00f1al\u00f3 que esta <strong>\u00faltima edici\u00f3n del festival, realizada en enero, fue valorada positivamente desde lo art\u00edstico<\/strong>, ya que logr\u00f3 recuperar el esp\u00edritu original del encuentro, priorizando una grilla integrada exclusivamente por artistas vinculados al folklore, sin recurrir a g\u00e9neros de moda para atraer mayor p\u00fablico.<\/p>\n\n\n\n<p>Sin embargo, aclar\u00f3 que el <strong>resultado econ\u00f3mico fue desfavorable y que quedaron deudas pendientes con algunos proveedores<\/strong>. En ese marco, remarc\u00f3 que se trata de un festival organizado por un m\u00fasico y de forma independiente, lo que incrementa las dificultades financieras.<\/p>\n\n\n\n<p>En su mensaje, el referente cultural fue enf\u00e1tico al aclarar que no est\u00e1 solicitando ayuda econ\u00f3mica, sino oportunidades laborales. Explic\u00f3 que no cuenta con ingresos fijos y que lo que percibe por sus actuaciones apenas alcanza para cubrir las necesidades b\u00e1sicas de su familia.<\/p>\n\n\n\n<p><em>\u201cMe siento responsable de la deuda que qued\u00f3 y no encuentro una soluci\u00f3n inmediata\u201d,<\/em> expres\u00f3, al tiempo que reconoci\u00f3 estar atravesando un momento personal complicado. Finalmente, indic\u00f3 que reside actualmente en la provincia de C\u00f3rdoba por razones familiares, aunque manifest\u00f3 su disposici\u00f3n a trasladarse a cualquier lugar donde surja una posibilidad de trabajo.<\/p>\n\n\n\n<p>El posteo gener\u00f3 numerosas reacciones en redes sociales, donde colegas, artistas y seguidores destacaron su compromiso con la cultura popular y expresaron su apoyo ante la situaci\u00f3n planteada.<\/p>\n","protected":false},"excerpt":{"rendered":"<p>El m\u00fasico y organizador reconoci\u00f3 que el evento recuper\u00f3 su identidad art\u00edstica, pero dej\u00f3 un saldo econ\u00f3mico negativo y solicit\u00f3 oportunidades laborales para afrontar las deudas pendientes.<\/p>\n","protected":false},"author":2,"featured_media":81280,"comment_status":"open","ping_status":"open","sticky":false,"template":"","format":"standard","meta":{"om_disable_all_campaigns":false,"_monsterinsights_skip_tracking":false,"_monsterinsights_sitenote_active":false,"_monsterinsights_sitenote_note":"","_monsterinsights_sitenote_category":0,"_uf_show_specific_survey":0,"_uf_disable_surveys":false,"jetpack_post_was_ever_published":false,"_jetpack_newsletter_access":"","_jetpack_dont_email_post_to_subs":false,"_jetpack_newsletter_tier_id":0,"_jetpack_memberships_contains_paywalled_content":false,"_jetpack_memberships_contains_paid_content":false,"footnotes":"","jetpack_publicize_message":"","jetpack_publicize_feature_enabled":true,"jetpack_social_post_already_shared":true,"jetpack_social_options":{"image_generator_settings":{"template":"highway","default_image_id":0,"font":"","enabled":false},"version":2}},"categories":[4,21],"tags":[1593],"class_list":["post-81278","post","type-post","status-publish","format-standard","has-post-thumbnail","hentry","category-destacadas","category-locales","tag-jorge-luis-carabajal"],"aioseo_notices":[],"views":42,"jetpack_publicize_connections":[],"jetpack_featured_media_url":"https:\/\/i0.wp.com\/elterritorialweb.com.ar\/web\/wp-content\/uploads\/2026\/01\/Screenshot_20260116_161913_Facebook.jpg?fit=874%2C599&ssl=1","jetpack_sharing_enabled":true,"_links":{"self":[{"href":"https:\/\/elterritorialweb.com.ar\/web\/wp-json\/wp\/v2\/posts\/81278","targetHints":{"allow":["GET"]}}],"collection":[{"href":"https:\/\/elterritorialweb.com.ar\/web\/wp-json\/wp\/v2\/posts"}],"about":[{"href":"https:\/\/elterritorialweb.com.ar\/web\/wp-json\/wp\/v2\/types\/post"}],"author":[{"embeddable":true,"href":"https:\/\/elterritorialweb.com.ar\/web\/wp-json\/wp\/v2\/users\/2"}],"replies":[{"embeddable":true,"href":"https:\/\/elterritorialweb.com.ar\/web\/wp-json\/wp\/v2\/comments?post=81278"}],"version-history":[{"count":1,"href":"https:\/\/elterritorialweb.com.ar\/web\/wp-json\/wp\/v2\/posts\/81278\/revisions"}],"predecessor-version":[{"id":81281,"href":"https:\/\/elterritorialweb.com.ar\/web\/wp-json\/wp\/v2\/posts\/81278\/revisions\/81281"}],"wp:featuredmedia":[{"embeddable":true,"href":"https:\/\/elterritorialweb.com.ar\/web\/wp-json\/wp\/v2\/media\/81280"}],"wp:attachment":[{"href":"https:\/\/elterritorialweb.com.ar\/web\/wp-json\/wp\/v2\/media?parent=81278"}],"wp:term":[{"taxonomy":"category","embeddable":true,"href":"https:\/\/elterritorialweb.com.ar\/web\/wp-json\/wp\/v2\/categories?post=81278"},{"taxonomy":"post_tag","embeddable":true,"href":"https:\/\/elterritorialweb.com.ar\/web\/wp-json\/wp\/v2\/tags?post=81278"}],"curies":[{"name":"wp","href":"https:\/\/api.w.org\/{rel}","templated":true}]}}