{"id":81284,"date":"2026-01-16T21:13:27","date_gmt":"2026-01-16T21:13:27","guid":{"rendered":"https:\/\/elterritorialweb.com.ar\/web\/?p=81284"},"modified":"2026-01-16T21:13:32","modified_gmt":"2026-01-16T21:13:32","slug":"lucas-gonzalez-es-nuevo-refuerzo-de-central-cordoba","status":"publish","type":"post","link":"https:\/\/elterritorialweb.com.ar\/web\/lucas-gonzalez-es-nuevo-refuerzo-de-central-cordoba\/","title":{"rendered":"LUCAS GONZ\u00c1LEZ ES NUEVO REFUERZO DE CENTRAL C\u00d3RDOBA"},"content":{"rendered":"\n<p><strong>Central C\u00f3rdoba<\/strong> sum\u00f3 una nueva incorporaci\u00f3n de cara a los pr\u00f3ximos compromisos: el mediocampista Lucas Gonz\u00e1lez se convirti\u00f3 oficialmente en jugador del club. El futbolista, de 25 a\u00f1os y nacido en San Salvador de Jujuy, arriba a la instituci\u00f3n santiague\u00f1a a pr\u00e9stamo desde Defensa y Justicia, con <strong>v\u00ednculo vigente hasta el 31 de diciembre de 2026.<\/strong><\/p>\n\n\n\n<p><strong>Gonz\u00e1lez<\/strong> realiz\u00f3 sus primeras armas futbol\u00edsticas en Independiente, donde debut\u00f3 en Primera Divisi\u00f3n, y luego continu\u00f3 su carrera en el exterior, vistiendo la camiseta de Santos Laguna de M\u00e9xico. Posteriormente regres\u00f3 al f\u00fatbol argentino para incorporarse a Defensa y Justicia, equipo desde el cual llega al Ferroviario.<\/p>\n\n\n\n<p>Con esta incorporaci\u00f3n, Central C\u00f3rdoba refuerza la mitad de la cancha con un jugador de experiencia en el \u00e1mbito local e internacional, apostando a su din\u00e1mica y versatilidad para fortalecer el plantel en la temporada en curso.<\/p>\n","protected":false},"excerpt":{"rendered":"<p>El mediocampista juje\u00f1o llega a pr\u00e9stamo desde Defensa y Justicia y firm\u00f3 contrato hasta diciembre de 2026.<\/p>\n","protected":false},"author":2,"featured_media":81285,"comment_status":"open","ping_status":"open","sticky":false,"template":"","format":"standard","meta":{"om_disable_all_campaigns":false,"_monsterinsights_skip_tracking":false,"_monsterinsights_sitenote_active":false,"_monsterinsights_sitenote_note":"","_monsterinsights_sitenote_category":0,"_uf_show_specific_survey":0,"_uf_disable_surveys":false,"jetpack_post_was_ever_published":false,"_jetpack_newsletter_access":"","_jetpack_dont_email_post_to_subs":false,"_jetpack_newsletter_tier_id":0,"_jetpack_memberships_contains_paywalled_content":false,"_jetpack_memberships_contains_paid_content":false,"footnotes":"","jetpack_publicize_message":"","jetpack_publicize_feature_enabled":true,"jetpack_social_post_already_shared":true,"jetpack_social_options":{"image_generator_settings":{"template":"highway","default_image_id":0,"font":"","enabled":false},"version":2}},"categories":[6,4],"tags":[69,94],"class_list":["post-81284","post","type-post","status-publish","format-standard","has-post-thumbnail","hentry","category-deportes","category-destacadas","tag-central-cordoba","tag-primera-nacional"],"aioseo_notices":[],"views":17,"jetpack_publicize_connections":[],"jetpack_featured_media_url":"https:\/\/i0.wp.com\/elterritorialweb.com.ar\/web\/wp-content\/uploads\/2026\/01\/6d391368-a2bb-4c5a-9d05-d7a5a8bc9680-scaled-1.jpeg?fit=2560%2C1707&ssl=1","jetpack_sharing_enabled":true,"_links":{"self":[{"href":"https:\/\/elterritorialweb.com.ar\/web\/wp-json\/wp\/v2\/posts\/81284","targetHints":{"allow":["GET"]}}],"collection":[{"href":"https:\/\/elterritorialweb.com.ar\/web\/wp-json\/wp\/v2\/posts"}],"about":[{"href":"https:\/\/elterritorialweb.com.ar\/web\/wp-json\/wp\/v2\/types\/post"}],"author":[{"embeddable":true,"href":"https:\/\/elterritorialweb.com.ar\/web\/wp-json\/wp\/v2\/users\/2"}],"replies":[{"embeddable":true,"href":"https:\/\/elterritorialweb.com.ar\/web\/wp-json\/wp\/v2\/comments?post=81284"}],"version-history":[{"count":1,"href":"https:\/\/elterritorialweb.com.ar\/web\/wp-json\/wp\/v2\/posts\/81284\/revisions"}],"predecessor-version":[{"id":81286,"href":"https:\/\/elterritorialweb.com.ar\/web\/wp-json\/wp\/v2\/posts\/81284\/revisions\/81286"}],"wp:featuredmedia":[{"embeddable":true,"href":"https:\/\/elterritorialweb.com.ar\/web\/wp-json\/wp\/v2\/media\/81285"}],"wp:attachment":[{"href":"https:\/\/elterritorialweb.com.ar\/web\/wp-json\/wp\/v2\/media?parent=81284"}],"wp:term":[{"taxonomy":"category","embeddable":true,"href":"https:\/\/elterritorialweb.com.ar\/web\/wp-json\/wp\/v2\/categories?post=81284"},{"taxonomy":"post_tag","embeddable":true,"href":"https:\/\/elterritorialweb.com.ar\/web\/wp-json\/wp\/v2\/tags?post=81284"}],"curies":[{"name":"wp","href":"https:\/\/api.w.org\/{rel}","templated":true}]}}