{"id":81287,"date":"2026-01-16T21:39:50","date_gmt":"2026-01-16T21:39:50","guid":{"rendered":"https:\/\/elterritorialweb.com.ar\/web\/?p=81287"},"modified":"2026-01-16T21:41:33","modified_gmt":"2026-01-16T21:41:33","slug":"el-gobernador-recorrio-la-obra-de-la-escuela-n-646-en-villa-raquel","status":"publish","type":"post","link":"https:\/\/elterritorialweb.com.ar\/web\/el-gobernador-recorrio-la-obra-de-la-escuela-n-646-en-villa-raquel\/","title":{"rendered":"EL GOBERNADOR RECORRI\u00d3 LA OBRA DE LA ESCUELA N\u00b0 646 EN VILLA RAQUEL"},"content":{"rendered":"\n<p>El gobernador <strong>El\u00edas Su\u00e1rez<\/strong> visit\u00f3 este viernes por la ma\u00f1ana la obra del <strong>nuevo edificio de la Escuela Provincial N\u00b0 646 y el Jard\u00edn de Infantes N\u00b0 87 \u201cMi Castillo Encantado\u201d<\/strong>, ubicado en el <em>barrio Villa Raquel de la ciudad de La Banda<\/em>, una infraestructura educativa clave para la comunidad.<\/p>\n\n\n\n<p>Durante el recorrido, el mandatario estuvo acompa\u00f1ado por el subsecretario de Educaci\u00f3n, <strong>Alejandro P\u00edccoli<\/strong>; el director de Arquitectura, <strong>Daniel Montes;<\/strong> la directora de la instituci\u00f3n, <strong>Fabiana S\u00e1nchez<\/strong>, y representantes de la empresa constructora. En la oportunidad, se interioriz\u00f3 sobre los detalles del proyecto y el avance de los trabajos, que ya superan el 80% de ejecuci\u00f3n, con una finalizaci\u00f3n estimada en los pr\u00f3ximos tres meses.<\/p>\n\n\n\n<p>En di\u00e1logo con las autoridades escolares, la directora S\u00e1nchez expres\u00f3 su agradecimiento por la magnitud y modernidad del edificio, que permitir\u00e1 mejorar las condiciones de ense\u00f1anza para m\u00e1s de 700 alumnos de una zona de gran crecimiento poblacional en La Banda.<\/p>\n\n\n\n<p>Al respecto, el gobernador <strong>El\u00edas<\/strong> <strong>Su\u00e1rez<\/strong> destac\u00f3 la importancia de dar continuidad a las obras en marcha: <em>\u201cLo que me interesa es garantizar un buen servicio de educaci\u00f3n, as\u00ed como tambi\u00e9n en salud y en otras obras estrat\u00e9gicas. Esta escuela de La Banda se suma a otras que se est\u00e1n ejecutando en Capital, Loreto, Pellegrini y R\u00edo Hondo\u201d<\/em>, se\u00f1al\u00f3.<\/p>\n\n\n\n<figure class=\"wp-block-image size-large\"><a href=\"https:\/\/i0.wp.com\/elterritorialweb.com.ar\/web\/wp-content\/uploads\/2026\/01\/1000302489.jpg?ssl=1\"><img data-recalc-dims=\"1\" decoding=\"async\" width=\"640\" height=\"426\" data-src=\"https:\/\/i0.wp.com\/elterritorialweb.com.ar\/web\/wp-content\/uploads\/2026\/01\/1000302489-1024x682.jpg?resize=640%2C426&#038;ssl=1\" alt=\"\" class=\"wp-image-81291 lazyload\" data-srcset=\"https:\/\/i0.wp.com\/elterritorialweb.com.ar\/web\/wp-content\/uploads\/2026\/01\/1000302489.jpg?resize=1024%2C682&amp;ssl=1 1024w, https:\/\/i0.wp.com\/elterritorialweb.com.ar\/web\/wp-content\/uploads\/2026\/01\/1000302489.jpg?resize=300%2C200&amp;ssl=1 300w, https:\/\/i0.wp.com\/elterritorialweb.com.ar\/web\/wp-content\/uploads\/2026\/01\/1000302489.jpg?resize=768%2C512&amp;ssl=1 768w, https:\/\/i0.wp.com\/elterritorialweb.com.ar\/web\/wp-content\/uploads\/2026\/01\/1000302489.jpg?resize=1536%2C1024&amp;ssl=1 1536w, https:\/\/i0.wp.com\/elterritorialweb.com.ar\/web\/wp-content\/uploads\/2026\/01\/1000302489.jpg?resize=2048%2C1365&amp;ssl=1 2048w, https:\/\/i0.wp.com\/elterritorialweb.com.ar\/web\/wp-content\/uploads\/2026\/01\/1000302489.jpg?w=1280 1280w, https:\/\/i0.wp.com\/elterritorialweb.com.ar\/web\/wp-content\/uploads\/2026\/01\/1000302489.jpg?w=1920 1920w\" data-sizes=\"(max-width: 640px) 100vw, 640px\" src=\"data:image\/svg+xml;base64,PHN2ZyB3aWR0aD0iMSIgaGVpZ2h0PSIxIiB4bWxucz0iaHR0cDovL3d3dy53My5vcmcvMjAwMC9zdmciPjwvc3ZnPg==\" style=\"--smush-placeholder-width: 640px; --smush-placeholder-aspect-ratio: 640\/426;\" \/><\/a><\/figure>\n\n\n\n<p>Asimismo, subray\u00f3 que, pese al contexto econ\u00f3mico complejo, se priorizar\u00e1 el uso eficiente de los recursos p\u00fablicos:<em> \u201cVamos a garantizar que los recursos lleguen a la gente y que estas obras brinden un buen servicio en educaci\u00f3n, salud y otras \u00e1reas estrat\u00e9gicas que hemos puesto en marcha para este a\u00f1o\u201d<\/em>, remarc\u00f3.<\/p>\n\n\n\n<p>La visita forma parte de una agenda de recorridos que el gobernador desarrolla en distintos puntos del territorio provincial para supervisar obras en ejecuci\u00f3n y asegurar una adecuada aplicaci\u00f3n de los fondos del Estado.<\/p>\n\n\n\n<p>Entre las principales obras educativas en marcha se destacan las escuelas N\u00b0 31 \u201cPedro Pablo Gorostiaga\u201d y N\u00b0 765 \u201cPresidente Per\u00f3n\u201d en la ciudad Capital; la Escuela N\u00b0 490 y el jard\u00edn anexo N\u00b0 510 en Puesto de Su\u00e1rez (Loreto); el jard\u00edn anexo a la escuela N\u00b0 833 en Puesto El Retiro (R\u00edo Hondo); y la Escuela N\u00b0 915 junto al jard\u00edn N\u00b0 167 en Las Delicias (Pellegrini).<\/p>\n\n\n\n<p><strong>Caracter\u00edsticas del complejo educativo<\/strong><\/p>\n\n\n\n<p>El establecimiento se desarrolla en un predio de 8.588 m\u00b2, con una superficie cubierta aproximada de 5.500 m\u00b2. La escuela primaria contar\u00e1 con 15 aulas, talleres de tecnolog\u00eda y ciencias, centro de recursos multimedia, un Sal\u00f3n de Usos M\u00faltiples de amplias dimensiones, \u00e1reas administrativas y un patio central articulado por galer\u00edas y corredores.<\/p>\n\n\n\n<p>Por su parte, el Jard\u00edn de Infantes dispondr\u00e1 de seis salas, \u00e1rea de gobierno, SUM y un patio cubierto destinado a actividades recreativas y pedag\u00f3gicas.<\/p>\n\n\n\n<p>El subsecretario <strong>P\u00edccoli<\/strong> valor\u00f3 la magnitud de la obra al se\u00f1alar: <em>\u201cEs una infraestructura muy importante para la zona; el avance es notable y estamos hablando de casi 6.000 metros cuadrados\u201d<\/em>. En tanto, la directora <strong>S\u00e1nchez<\/strong> afirm\u00f3 que la nueva escuela permitir\u00e1 absorber una mayor demanda educativa<em>: \u201cTenemos muchos barrios en la zona y estimamos que la matr\u00edcula se incrementar\u00e1 en 2026. Esta obra era muy necesaria\u201d, <\/em>concluy\u00f3.<\/p>\n\n\n\n<p><\/p>\n","protected":false},"excerpt":{"rendered":"<p>El nuevo complejo educativo de La Banda presenta un avance superior al 80% y beneficiar\u00e1 a m\u00e1s de 700 alumnos de la zona.<\/p>\n","protected":false},"author":2,"featured_media":81288,"comment_status":"open","ping_status":"open","sticky":false,"template":"","format":"standard","meta":{"om_disable_all_campaigns":false,"_monsterinsights_skip_tracking":false,"_monsterinsights_sitenote_active":false,"_monsterinsights_sitenote_note":"","_monsterinsights_sitenote_category":0,"_uf_show_specific_survey":0,"_uf_disable_surveys":false,"jetpack_post_was_ever_published":false,"_jetpack_newsletter_access":"","_jetpack_dont_email_post_to_subs":false,"_jetpack_newsletter_tier_id":0,"_jetpack_memberships_contains_paywalled_content":false,"_jetpack_memberships_contains_paid_content":false,"footnotes":"","jetpack_publicize_message":"","jetpack_publicize_feature_enabled":true,"jetpack_social_post_already_shared":true,"jetpack_social_options":{"image_generator_settings":{"template":"highway","default_image_id":0,"font":"","enabled":false},"version":2}},"categories":[4,21],"tags":[322,49,808],"class_list":["post-81287","post","type-post","status-publish","format-standard","has-post-thumbnail","hentry","category-destacadas","category-locales","tag-elias-suarez","tag-gobierno-de-santiago-del-estero","tag-obras-publicas"],"aioseo_notices":[],"views":9,"jetpack_publicize_connections":[],"jetpack_featured_media_url":"https:\/\/i0.wp.com\/elterritorialweb.com.ar\/web\/wp-content\/uploads\/2026\/01\/IMG-20260116-WA0023.jpg?fit=2560%2C1703&ssl=1","jetpack_sharing_enabled":true,"_links":{"self":[{"href":"https:\/\/elterritorialweb.com.ar\/web\/wp-json\/wp\/v2\/posts\/81287","targetHints":{"allow":["GET"]}}],"collection":[{"href":"https:\/\/elterritorialweb.com.ar\/web\/wp-json\/wp\/v2\/posts"}],"about":[{"href":"https:\/\/elterritorialweb.com.ar\/web\/wp-json\/wp\/v2\/types\/post"}],"author":[{"embeddable":true,"href":"https:\/\/elterritorialweb.com.ar\/web\/wp-json\/wp\/v2\/users\/2"}],"replies":[{"embeddable":true,"href":"https:\/\/elterritorialweb.com.ar\/web\/wp-json\/wp\/v2\/comments?post=81287"}],"version-history":[{"count":2,"href":"https:\/\/elterritorialweb.com.ar\/web\/wp-json\/wp\/v2\/posts\/81287\/revisions"}],"predecessor-version":[{"id":81292,"href":"https:\/\/elterritorialweb.com.ar\/web\/wp-json\/wp\/v2\/posts\/81287\/revisions\/81292"}],"wp:featuredmedia":[{"embeddable":true,"href":"https:\/\/elterritorialweb.com.ar\/web\/wp-json\/wp\/v2\/media\/81288"}],"wp:attachment":[{"href":"https:\/\/elterritorialweb.com.ar\/web\/wp-json\/wp\/v2\/media?parent=81287"}],"wp:term":[{"taxonomy":"category","embeddable":true,"href":"https:\/\/elterritorialweb.com.ar\/web\/wp-json\/wp\/v2\/categories?post=81287"},{"taxonomy":"post_tag","embeddable":true,"href":"https:\/\/elterritorialweb.com.ar\/web\/wp-json\/wp\/v2\/tags?post=81287"}],"curies":[{"name":"wp","href":"https:\/\/api.w.org\/{rel}","templated":true}]}}