{"id":81293,"date":"2026-01-16T22:37:38","date_gmt":"2026-01-16T22:37:38","guid":{"rendered":"https:\/\/elterritorialweb.com.ar\/web\/?p=81293"},"modified":"2026-01-16T22:37:41","modified_gmt":"2026-01-16T22:37:41","slug":"se-aprobo-el-presupuesto-municipal-2026-en-beneficio-de-los-vecinos-bandenos","status":"publish","type":"post","link":"https:\/\/elterritorialweb.com.ar\/web\/se-aprobo-el-presupuesto-municipal-2026-en-beneficio-de-los-vecinos-bandenos\/","title":{"rendered":"SE APROB\u00d3 EL PRESUPUESTO MUNICIPAL 2026 EN BENEFICIO DE LOS VECINOS BANDE\u00d1OS"},"content":{"rendered":"\n<p>Luego de un arduo trabajo y un proceso de di\u00e1logo sostenido, el <strong>Concejo Deliberante de la ciudad de La Banda<\/strong> <strong>aprob\u00f3 el Presupuesto Municipal 2026,<\/strong> impulsado por la gesti\u00f3n del intendente <strong>Roger Nediani<\/strong>, con el objetivo de responder a las principales demandas de los vecinos y vecinas bande\u00f1os.<\/p>\n\n\n\n<p>Es de destacar que el Ejecutivo Municipal logr\u00f3 los consensos necesarios con los distintos bloques legislativos, a partir de la escucha de diversas consideraciones y posturas, en un ejercicio pleno de la democracia. La iniciativa fue aprobada con ocho votos a favor, reflejando un respaldo mayoritario al proyecto presentado.<\/p>\n\n\n\n<p>El <strong>presupuesto<\/strong> aprobado establece las previsiones de recursos y los vol\u00famenes de gasto a ejecutarse durante el <strong>per\u00edodo fiscal 2026<\/strong>, y traduce la funci\u00f3n esencial del Municipio: dar respuesta a las necesidades de la comunidad en materia de servicios e inversi\u00f3n p\u00fablica.<\/p>\n\n\n\n<p>En este sentido, el <strong>Presupuesto 2026<\/strong> garantiza la continuidad y profundizaci\u00f3n de las pol\u00edticas p\u00fablicas vigentes, orientando el gasto a la <strong>prestaci\u00f3n de los servicios urbanos, la promoci\u00f3n de la educaci\u00f3n inicial, primaria y secundaria, el fortalecimiento de la salud, el desarrollo social y cultural, y la inversi\u00f3n en infraestructura.<\/strong> Se trata de una herramienta clave para asegurar el funcionamiento del Estado municipal y mejorar de manera sostenida la calidad de vida de los vecinos y vecinas de La Banda.<\/p>\n\n\n\n<p>La aprobaci\u00f3n final fue resultado de un di\u00e1logo fluido entre el Poder Ejecutivo y el Legislativo, donde el Cuerpo Deliberativo tuvo un rol fundamental en la confecci\u00f3n del presupuesto, realizando consultas, modificaciones y reasignaciones de partidas.<\/p>\n\n\n\n<p>Al respecto, el presidente del Concejo Deliberante, <strong>Lic. Santill\u00e1n<\/strong>, expres\u00f3:<em> \u201cDestaco primero el trabajo de todos los actores, la predisposici\u00f3n y el acompa\u00f1amiento del Intendente y su gabinete ante cada inquietud, planteo y consideraci\u00f3n de los distintos bloques, con respecto a diferentes \u00edtems del presupuesto, sobre la base de hacerlo eficiente y que siga mejorando la realidad de la ciudad y de cada vecino, m\u00e1s a\u00fan en este contexto de ajuste y recesi\u00f3n brutal a nivel nacional. Por \u00faltimo, resaltar la comprensi\u00f3n y el di\u00e1logo de los ediles de la casa\u201d.<\/em><\/p>\n","protected":false},"excerpt":{"rendered":"<p>Tras un amplio consenso pol\u00edtico, el Concejo Deliberante de La Banda dio luz verde al presupuesto para el per\u00edodo fiscal 2026, priorizando servicios, inversi\u00f3n e infraestructura para la ciudad.<\/p>\n","protected":false},"author":2,"featured_media":81294,"comment_status":"open","ping_status":"open","sticky":false,"template":"","format":"standard","meta":{"om_disable_all_campaigns":false,"_monsterinsights_skip_tracking":false,"_monsterinsights_sitenote_active":false,"_monsterinsights_sitenote_note":"","_monsterinsights_sitenote_category":0,"_uf_show_specific_survey":0,"_uf_disable_surveys":false,"jetpack_post_was_ever_published":false,"_jetpack_newsletter_access":"","_jetpack_dont_email_post_to_subs":false,"_jetpack_newsletter_tier_id":0,"_jetpack_memberships_contains_paywalled_content":false,"_jetpack_memberships_contains_paid_content":false,"footnotes":"","jetpack_publicize_message":"","jetpack_publicize_feature_enabled":true,"jetpack_social_post_already_shared":true,"jetpack_social_options":{"image_generator_settings":{"template":"highway","default_image_id":0,"font":"","enabled":false},"version":2}},"categories":[9,4],"tags":[281,71,1570],"class_list":["post-81293","post","type-post","status-publish","format-standard","has-post-thumbnail","hentry","category-banda","category-destacadas","tag-concejo-deliberante-de-la-banda","tag-municipalidad-de-la-banda","tag-presupuesto-2026"],"aioseo_notices":[],"views":13,"jetpack_publicize_connections":[],"jetpack_featured_media_url":"https:\/\/i0.wp.com\/elterritorialweb.com.ar\/web\/wp-content\/uploads\/2026\/01\/IMG-20260116-WA0005.jpg?fit=945%2C967&ssl=1","jetpack_sharing_enabled":true,"_links":{"self":[{"href":"https:\/\/elterritorialweb.com.ar\/web\/wp-json\/wp\/v2\/posts\/81293","targetHints":{"allow":["GET"]}}],"collection":[{"href":"https:\/\/elterritorialweb.com.ar\/web\/wp-json\/wp\/v2\/posts"}],"about":[{"href":"https:\/\/elterritorialweb.com.ar\/web\/wp-json\/wp\/v2\/types\/post"}],"author":[{"embeddable":true,"href":"https:\/\/elterritorialweb.com.ar\/web\/wp-json\/wp\/v2\/users\/2"}],"replies":[{"embeddable":true,"href":"https:\/\/elterritorialweb.com.ar\/web\/wp-json\/wp\/v2\/comments?post=81293"}],"version-history":[{"count":1,"href":"https:\/\/elterritorialweb.com.ar\/web\/wp-json\/wp\/v2\/posts\/81293\/revisions"}],"predecessor-version":[{"id":81295,"href":"https:\/\/elterritorialweb.com.ar\/web\/wp-json\/wp\/v2\/posts\/81293\/revisions\/81295"}],"wp:featuredmedia":[{"embeddable":true,"href":"https:\/\/elterritorialweb.com.ar\/web\/wp-json\/wp\/v2\/media\/81294"}],"wp:attachment":[{"href":"https:\/\/elterritorialweb.com.ar\/web\/wp-json\/wp\/v2\/media?parent=81293"}],"wp:term":[{"taxonomy":"category","embeddable":true,"href":"https:\/\/elterritorialweb.com.ar\/web\/wp-json\/wp\/v2\/categories?post=81293"},{"taxonomy":"post_tag","embeddable":true,"href":"https:\/\/elterritorialweb.com.ar\/web\/wp-json\/wp\/v2\/tags?post=81293"}],"curies":[{"name":"wp","href":"https:\/\/api.w.org\/{rel}","templated":true}]}}