{"id":81296,"date":"2026-01-16T23:26:59","date_gmt":"2026-01-16T23:26:59","guid":{"rendered":"https:\/\/elterritorialweb.com.ar\/web\/?p=81296"},"modified":"2026-01-16T23:27:02","modified_gmt":"2026-01-16T23:27:02","slug":"caida-de-la-natalidad-en-argentina-este-proceso-foma-parte-de-una-tendencia-global","status":"publish","type":"post","link":"https:\/\/elterritorialweb.com.ar\/web\/caida-de-la-natalidad-en-argentina-este-proceso-foma-parte-de-una-tendencia-global\/","title":{"rendered":"CA\u00cdDA DE LA NATALIDAD EN ARGENTINA: \u00abESTE PROCESO FOMA PARTE DE UNA TENDENCIA GLOBAL\u00bb"},"content":{"rendered":"\n<p>La <strong>tasa de natalidad en la Argentina atraviesa uno de los niveles m\u00e1s bajos de las \u00faltimas d\u00e9cadas<\/strong>, un fen\u00f3meno que abre interrogantes sociales, econ\u00f3micos y pol\u00edticos de alcance estructural. <\/p>\n\n\n\n<p>De acuerdo con <strong>estad\u00edsticas nacionales<\/strong>, la natalidad descendi\u00f3 de <strong>18,2 nacimientos por cada mil habitantes en 2014 a 10,7 en 2022<\/strong>, mientras que el n\u00famero total de <strong>nacimientos anuales cay\u00f3 de 770 mil a 460 mil en 2023, <\/strong>alcanzando un m\u00ednimo hist\u00f3rico. A su vez, el \u00faltimo informe de la <strong>Direcci\u00f3n Nacional de Poblaci\u00f3n<\/strong> indica que los nacimientos se redujeron casi a la mitad en la \u00faltima d\u00e9cada.<\/p>\n\n\n\n<p><strong>Bravo<\/strong> explic\u00f3 que este proceso no es exclusivo del pa\u00eds, sino que forma parte de una <strong>tendencia global observable en distintas regiones del mundo, como Am\u00e9rica Latina, Europa y Asia.<\/strong><em> \u201cLa baja de la natalidad est\u00e1 asociada a profundas transformaciones econ\u00f3micas, laborales y sociales que inciden directamente en las condiciones materiales y simb\u00f3licas para la crianza\u201d,<\/em> se\u00f1al\u00f3.<\/p>\n\n\n\n<figure class=\"wp-block-image size-full\"><a href=\"https:\/\/i0.wp.com\/elterritorialweb.com.ar\/web\/wp-content\/uploads\/2026\/01\/1000302809.jpg?ssl=1\"><img data-recalc-dims=\"1\" decoding=\"async\" width=\"403\" height=\"238\" data-src=\"https:\/\/i0.wp.com\/elterritorialweb.com.ar\/web\/wp-content\/uploads\/2026\/01\/1000302809.jpg?resize=403%2C238&#038;ssl=1\" alt=\"\" class=\"wp-image-81298 lazyload\" data-srcset=\"https:\/\/i0.wp.com\/elterritorialweb.com.ar\/web\/wp-content\/uploads\/2026\/01\/1000302809.jpg?w=403&amp;ssl=1 403w, https:\/\/i0.wp.com\/elterritorialweb.com.ar\/web\/wp-content\/uploads\/2026\/01\/1000302809.jpg?resize=300%2C177&amp;ssl=1 300w\" data-sizes=\"(max-width: 403px) 100vw, 403px\" src=\"data:image\/svg+xml;base64,PHN2ZyB3aWR0aD0iMSIgaGVpZ2h0PSIxIiB4bWxucz0iaHR0cDovL3d3dy53My5vcmcvMjAwMC9zdmciPjwvc3ZnPg==\" style=\"--smush-placeholder-width: 403px; --smush-placeholder-aspect-ratio: 403\/238;\" \/><\/a><\/figure>\n\n\n\n<p>El <strong>Censo Nacional 2022<\/strong> tambi\u00e9n da cuenta de este cambio estructural: la tasa de fecundidad cay\u00f3 un 57% entre 1980 y 2022, pasando de 3,3 hijos por mujer a 1,4. Este dato refleja una modificaci\u00f3n sostenida en las decisiones reproductivas y en la forma en que se conciben la maternidad y los proyectos de vida.<\/p>\n\n\n\n<p>Si bien la disminuci\u00f3n de los nacimientos se registra en todas las provincias, el fen\u00f3meno presenta diferencias territoriales. Provincias como Buenos Aires y Tierra del Fuego exhiben las ca\u00eddas m\u00e1s pronunciadas, mientras que Santiago del Estero y San Juan muestran una reducci\u00f3n menor, ubic\u00e1ndose por debajo del promedio nacional. Estas variaciones, explic\u00f3 la investigadora, responden a din\u00e1micas socioecon\u00f3micas y condiciones locales espec\u00edficas.<\/p>\n\n\n\n<p>Desde la <strong>UNSE<\/strong>, el aporte de investigaciones como las que desarrolla el Indes permite contribuir al an\u00e1lisis cr\u00edtico de los cambios demogr\u00e1ficos y sociales, aportando herramientas para el debate p\u00fablico y la formulaci\u00f3n de pol\u00edticas que contemplen las nuevas realidades familiares y poblacionales del pa\u00eds.<\/p>\n\n\n\n<p><\/p>\n","protected":false},"excerpt":{"rendered":"<p>Sobre esta problem\u00e1tica reflexion\u00f3 la soci\u00f3loga Eugenia Bravo, investigadora del Instituto de Estudios para el Desarrollo Social (Indes &#8211; UNSE\/Conicet), a partir de datos oficiales y tendencias demogr\u00e1ficas recientes.<\/p>\n","protected":false},"author":2,"featured_media":81297,"comment_status":"open","ping_status":"open","sticky":false,"template":"","format":"standard","meta":{"om_disable_all_campaigns":false,"_monsterinsights_skip_tracking":false,"_monsterinsights_sitenote_active":false,"_monsterinsights_sitenote_note":"","_monsterinsights_sitenote_category":0,"_uf_show_specific_survey":0,"_uf_disable_surveys":false,"jetpack_post_was_ever_published":false,"_jetpack_newsletter_access":"","_jetpack_dont_email_post_to_subs":false,"_jetpack_newsletter_tier_id":0,"_jetpack_memberships_contains_paywalled_content":false,"_jetpack_memberships_contains_paid_content":false,"footnotes":"","jetpack_publicize_message":"","jetpack_publicize_feature_enabled":true,"jetpack_social_post_already_shared":true,"jetpack_social_options":{"image_generator_settings":{"template":"highway","default_image_id":0,"font":"","enabled":false},"version":2}},"categories":[4,19],"tags":[],"class_list":["post-81296","post","type-post","status-publish","format-standard","has-post-thumbnail","hentry","category-destacadas","category-educacion"],"aioseo_notices":[],"views":8,"jetpack_publicize_connections":[],"jetpack_featured_media_url":"https:\/\/i0.wp.com\/elterritorialweb.com.ar\/web\/wp-content\/uploads\/2026\/01\/1000302808.jpg?fit=1200%2C675&ssl=1","jetpack_sharing_enabled":true,"_links":{"self":[{"href":"https:\/\/elterritorialweb.com.ar\/web\/wp-json\/wp\/v2\/posts\/81296","targetHints":{"allow":["GET"]}}],"collection":[{"href":"https:\/\/elterritorialweb.com.ar\/web\/wp-json\/wp\/v2\/posts"}],"about":[{"href":"https:\/\/elterritorialweb.com.ar\/web\/wp-json\/wp\/v2\/types\/post"}],"author":[{"embeddable":true,"href":"https:\/\/elterritorialweb.com.ar\/web\/wp-json\/wp\/v2\/users\/2"}],"replies":[{"embeddable":true,"href":"https:\/\/elterritorialweb.com.ar\/web\/wp-json\/wp\/v2\/comments?post=81296"}],"version-history":[{"count":1,"href":"https:\/\/elterritorialweb.com.ar\/web\/wp-json\/wp\/v2\/posts\/81296\/revisions"}],"predecessor-version":[{"id":81299,"href":"https:\/\/elterritorialweb.com.ar\/web\/wp-json\/wp\/v2\/posts\/81296\/revisions\/81299"}],"wp:featuredmedia":[{"embeddable":true,"href":"https:\/\/elterritorialweb.com.ar\/web\/wp-json\/wp\/v2\/media\/81297"}],"wp:attachment":[{"href":"https:\/\/elterritorialweb.com.ar\/web\/wp-json\/wp\/v2\/media?parent=81296"}],"wp:term":[{"taxonomy":"category","embeddable":true,"href":"https:\/\/elterritorialweb.com.ar\/web\/wp-json\/wp\/v2\/categories?post=81296"},{"taxonomy":"post_tag","embeddable":true,"href":"https:\/\/elterritorialweb.com.ar\/web\/wp-json\/wp\/v2\/tags?post=81296"}],"curies":[{"name":"wp","href":"https:\/\/api.w.org\/{rel}","templated":true}]}}