{"id":81303,"date":"2026-01-17T03:55:29","date_gmt":"2026-01-17T03:55:29","guid":{"rendered":"https:\/\/elterritorialweb.com.ar\/web\/?p=81303"},"modified":"2026-01-17T03:55:31","modified_gmt":"2026-01-17T03:55:31","slug":"termas-de-rio-hondo-da-inicio-a-la-temporada-2026-con-la-primera-fecha-del-gp3-cav-y-gp3-chile","status":"publish","type":"post","link":"https:\/\/elterritorialweb.com.ar\/web\/termas-de-rio-hondo-da-inicio-a-la-temporada-2026-con-la-primera-fecha-del-gp3-cav-y-gp3-chile\/","title":{"rendered":"TERM\u00c1S DE R\u00cdO HONDO DA INICIO A LA TEMPORADA 2026 CON LA PRIMERA FECHA DEL GP3 CAV Y GP3 CHILE"},"content":{"rendered":"\n<p>El <strong>Aut\u00f3dromo Internacional de Termas de R\u00edo Hondo<\/strong> se prepara para vivir un evento de alto impacto con la <strong>apertura oficial de la temporada 2026 <\/strong>del motociclismo regional, al recibir la 1\u00aa fecha conjunta del <strong>GP3 CAV<\/strong> y el <strong>GP3 Chile<\/strong>, una cita que promete velocidad, adrenalina y un nivel competitivo sin precedentes.<\/p>\n\n\n\n<p>Del <strong>3 al 5 de abril<\/strong>, el mejor circuito de Latinoam\u00e9rica ser\u00e1 el punto de encuentro de los principales pilotos sudamericanos, en una competencia que unifica a dos de las categor\u00edas m\u00e1s exigentes de la regi\u00f3n bajo el sello organizativo de GP3 Sports. El pavimento termense volver\u00e1 a vibrar con m\u00e1quinas de alto rendimiento y pilotos que buscar\u00e1n marcar el rumbo del campeonato desde la primera fecha.<\/p>\n\n\n\n<p>Este inicio de temporada no representa solo el arranque del calendario, sino el encuentro de dos potencias del motociclismo: el <strong>Campeonato Argentino de Velocidad (GP3 CAV) <\/strong>y el <strong>GP3 Chile<\/strong>, en un espect\u00e1culo que eleva el est\u00e1ndar del deporte motor en Sudam\u00e9rica.<\/p>\n\n\n\n<p>La ciudad de <strong>Termas de R\u00edo Hondo<\/strong> se consolidar\u00e1 una vez m\u00e1s como epicentro del motociclismo regional, convocando a fan\u00e1ticos de distintos puntos del pa\u00eds y del exterior. <strong>Las entradas tendr\u00e1n un valor de $20.000, <\/strong>permitiendo al p\u00fablico disfrutar de un evento imperdible que combinar\u00e1 competencia, emoci\u00f3n y velocidad pura.<\/p>\n\n\n\n<p>Con una grilla de pilotos de primer nivel y un escenario internacional, la primera fecha del GP3 CAV y GP3 Chile promete un fin de semana inolvidable para los amantes del motociclismo.<\/p>\n\n\n\n<p><\/p>\n","protected":false},"excerpt":{"rendered":"<p>Del 3 al 5 de abril, el Aut\u00f3dromo Internacional ser\u00e1 el escenario de un fin de semana hist\u00f3rico que reunir\u00e1 a las m\u00e1ximas potencias del motociclismo sudamericano.<\/p>\n","protected":false},"author":2,"featured_media":81304,"comment_status":"open","ping_status":"open","sticky":false,"template":"","format":"standard","meta":{"om_disable_all_campaigns":false,"_monsterinsights_skip_tracking":false,"_monsterinsights_sitenote_active":false,"_monsterinsights_sitenote_note":"","_monsterinsights_sitenote_category":0,"_uf_show_specific_survey":0,"_uf_disable_surveys":false,"jetpack_post_was_ever_published":false,"_jetpack_newsletter_access":"","_jetpack_dont_email_post_to_subs":false,"_jetpack_newsletter_tier_id":0,"_jetpack_memberships_contains_paywalled_content":false,"_jetpack_memberships_contains_paid_content":false,"footnotes":"","jetpack_publicize_message":"","jetpack_publicize_feature_enabled":true,"jetpack_social_post_already_shared":true,"jetpack_social_options":{"image_generator_settings":{"template":"highway","default_image_id":0,"font":"","enabled":false},"version":2}},"categories":[6,4],"tags":[228,1508],"class_list":["post-81303","post","type-post","status-publish","format-standard","has-post-thumbnail","hentry","category-deportes","category-destacadas","tag-autodromo-internacional-termas-de-rio-hondo","tag-gp3-de-chile"],"aioseo_notices":[],"views":22,"jetpack_publicize_connections":[],"jetpack_featured_media_url":"https:\/\/i0.wp.com\/elterritorialweb.com.ar\/web\/wp-content\/uploads\/2026\/01\/1000303145.jpg?fit=1159%2C770&ssl=1","jetpack_sharing_enabled":true,"_links":{"self":[{"href":"https:\/\/elterritorialweb.com.ar\/web\/wp-json\/wp\/v2\/posts\/81303","targetHints":{"allow":["GET"]}}],"collection":[{"href":"https:\/\/elterritorialweb.com.ar\/web\/wp-json\/wp\/v2\/posts"}],"about":[{"href":"https:\/\/elterritorialweb.com.ar\/web\/wp-json\/wp\/v2\/types\/post"}],"author":[{"embeddable":true,"href":"https:\/\/elterritorialweb.com.ar\/web\/wp-json\/wp\/v2\/users\/2"}],"replies":[{"embeddable":true,"href":"https:\/\/elterritorialweb.com.ar\/web\/wp-json\/wp\/v2\/comments?post=81303"}],"version-history":[{"count":1,"href":"https:\/\/elterritorialweb.com.ar\/web\/wp-json\/wp\/v2\/posts\/81303\/revisions"}],"predecessor-version":[{"id":81305,"href":"https:\/\/elterritorialweb.com.ar\/web\/wp-json\/wp\/v2\/posts\/81303\/revisions\/81305"}],"wp:featuredmedia":[{"embeddable":true,"href":"https:\/\/elterritorialweb.com.ar\/web\/wp-json\/wp\/v2\/media\/81304"}],"wp:attachment":[{"href":"https:\/\/elterritorialweb.com.ar\/web\/wp-json\/wp\/v2\/media?parent=81303"}],"wp:term":[{"taxonomy":"category","embeddable":true,"href":"https:\/\/elterritorialweb.com.ar\/web\/wp-json\/wp\/v2\/categories?post=81303"},{"taxonomy":"post_tag","embeddable":true,"href":"https:\/\/elterritorialweb.com.ar\/web\/wp-json\/wp\/v2\/tags?post=81303"}],"curies":[{"name":"wp","href":"https:\/\/api.w.org\/{rel}","templated":true}]}}