{"id":81306,"date":"2026-01-19T02:04:59","date_gmt":"2026-01-19T02:04:59","guid":{"rendered":"https:\/\/elterritorialweb.com.ar\/web\/?p=81306"},"modified":"2026-01-19T02:05:01","modified_gmt":"2026-01-19T02:05:01","slug":"la-facultad-de-humanidades-reabre-las-preinscripciones-para-el-ciclo-lectivo-2026","status":"publish","type":"post","link":"https:\/\/elterritorialweb.com.ar\/web\/la-facultad-de-humanidades-reabre-las-preinscripciones-para-el-ciclo-lectivo-2026\/","title":{"rendered":"LA FACULTAD DE HUMANIDADES REABRE LAS PREINSCRIPCIONES PARA EL CICLO LECTIVO 2026"},"content":{"rendered":"\n<p>La <strong>Facultad de Humanidades, Ciencias Sociales y de la Salud <\/strong>inform\u00f3 la reapertura de las <strong>preinscripciones<\/strong> para ingresantes del <strong>ciclo lectivo 2026<\/strong>, dirigida a todas aquellas personas que deseen iniciar una carrera universitaria en los \u00e1mbitos de la salud, la educaci\u00f3n y las ciencias sociales.<\/p>\n\n\n\n<p>El <strong>per\u00edodo de preinscripci\u00f3n<\/strong> se extender\u00e1 desde el <strong>lunes 26 de enero<\/strong> hasta el <strong>martes 3 de febrero<\/strong> <strong>de 2026<\/strong>. En tanto, los d\u00edas 2 y 3 de febrero la unidad acad\u00e9mica dispondr\u00e1 de asistencia t\u00e9cnica presencial para acompa\u00f1ar y asesorar a quienes requieran ayuda para completar el tr\u00e1mite de inscripci\u00f3n.<\/p>\n\n\n\n<p>En este contexto, la decana de la Facultad, <strong>Sandra Moreira<\/strong>, convoc\u00f3 a la comunidad a sumarse a la propuesta acad\u00e9mica y <strong>subray\u00f3 la importancia social de las carreras que se dictan en la instituci\u00f3n.<\/strong><\/p>\n\n\n\n<p><em>1<\/em> expres\u00f3.<\/p>\n\n\n\n<p>La oferta acad\u00e9mica en el <strong>\u00e1rea de Salud<\/strong> y Educaci\u00f3n para la Salud incluye la <strong>Licenciatura en Obstetricia, <\/strong>la<strong> Licenciatura en Enfermer\u00eda, la carrera de Enfermer\u00eda, <\/strong>la<strong> Licenciatura en Educaci\u00f3n para la Salud, <\/strong>el<strong> Profesorado Universitario en Educaci\u00f3n para la Salud <\/strong>y la<strong> Tecnicatura Universitaria en Educaci\u00f3n para la Salud.<\/strong><\/p>\n\n\n\n<p>Por su parte, en el campo de las <strong>Ciencias Sociales<\/strong> se dictan la <strong>Licenciatura en Sociolog\u00eda<\/strong>, la <strong>Tecnicatura Universitaria en Ciencias Sociales<\/strong> y la <strong>Licenciatura en Trabajo Social<\/strong>, consolidando una propuesta acad\u00e9mica orientada a una formaci\u00f3n integral, cr\u00edtica y con fuerte compromiso territorial.<\/p>\n\n\n\n<p>Finalmente, <strong>Moreira<\/strong> <strong>destac\u00f3<\/strong> que la reapertura de las preinscripciones tiene como objetivo garantizar el acceso a la educaci\u00f3n superior, <strong>acompa\u00f1ar a los futuros estudiantes en su ingreso a la universidad y fortalecer el rol de la universidad p\u00fablica en la formaci\u00f3n de profesionales al servicio de la comunidad<\/strong>.<\/p>\n","protected":false},"excerpt":{"rendered":"<p>La convocatoria est\u00e1 destinada a ingresantes interesados en carreras de salud, educaci\u00f3n y ciencias sociales. El tr\u00e1mite se realizar\u00e1 del 26 de enero al 3 de febrero.<\/p>\n","protected":false},"author":2,"featured_media":81307,"comment_status":"open","ping_status":"open","sticky":false,"template":"","format":"standard","meta":{"om_disable_all_campaigns":false,"_monsterinsights_skip_tracking":false,"_monsterinsights_sitenote_active":false,"_monsterinsights_sitenote_note":"","_monsterinsights_sitenote_category":0,"_uf_show_specific_survey":0,"_uf_disable_surveys":false,"jetpack_post_was_ever_published":false,"_jetpack_newsletter_access":"","_jetpack_dont_email_post_to_subs":false,"_jetpack_newsletter_tier_id":0,"_jetpack_memberships_contains_paywalled_content":false,"_jetpack_memberships_contains_paid_content":false,"footnotes":"","jetpack_publicize_message":"","jetpack_publicize_feature_enabled":true,"jetpack_social_post_already_shared":true,"jetpack_social_options":{"image_generator_settings":{"template":"highway","default_image_id":0,"font":"","enabled":false},"version":2}},"categories":[4,19],"tags":[999,74],"class_list":["post-81306","post","type-post","status-publish","format-standard","has-post-thumbnail","hentry","category-destacadas","category-educacion","tag-facultad-de-humanidades","tag-unse"],"aioseo_notices":[],"views":16,"jetpack_publicize_connections":[],"jetpack_featured_media_url":"https:\/\/i0.wp.com\/elterritorialweb.com.ar\/web\/wp-content\/uploads\/2026\/01\/IngresantesHumanidades1.jpg?fit=1024%2C682&ssl=1","jetpack_sharing_enabled":true,"_links":{"self":[{"href":"https:\/\/elterritorialweb.com.ar\/web\/wp-json\/wp\/v2\/posts\/81306","targetHints":{"allow":["GET"]}}],"collection":[{"href":"https:\/\/elterritorialweb.com.ar\/web\/wp-json\/wp\/v2\/posts"}],"about":[{"href":"https:\/\/elterritorialweb.com.ar\/web\/wp-json\/wp\/v2\/types\/post"}],"author":[{"embeddable":true,"href":"https:\/\/elterritorialweb.com.ar\/web\/wp-json\/wp\/v2\/users\/2"}],"replies":[{"embeddable":true,"href":"https:\/\/elterritorialweb.com.ar\/web\/wp-json\/wp\/v2\/comments?post=81306"}],"version-history":[{"count":1,"href":"https:\/\/elterritorialweb.com.ar\/web\/wp-json\/wp\/v2\/posts\/81306\/revisions"}],"predecessor-version":[{"id":81308,"href":"https:\/\/elterritorialweb.com.ar\/web\/wp-json\/wp\/v2\/posts\/81306\/revisions\/81308"}],"wp:featuredmedia":[{"embeddable":true,"href":"https:\/\/elterritorialweb.com.ar\/web\/wp-json\/wp\/v2\/media\/81307"}],"wp:attachment":[{"href":"https:\/\/elterritorialweb.com.ar\/web\/wp-json\/wp\/v2\/media?parent=81306"}],"wp:term":[{"taxonomy":"category","embeddable":true,"href":"https:\/\/elterritorialweb.com.ar\/web\/wp-json\/wp\/v2\/categories?post=81306"},{"taxonomy":"post_tag","embeddable":true,"href":"https:\/\/elterritorialweb.com.ar\/web\/wp-json\/wp\/v2\/tags?post=81306"}],"curies":[{"name":"wp","href":"https:\/\/api.w.org\/{rel}","templated":true}]}}