{"id":81309,"date":"2026-01-19T02:11:17","date_gmt":"2026-01-19T02:11:17","guid":{"rendered":"https:\/\/elterritorialweb.com.ar\/web\/?p=81309"},"modified":"2026-01-19T02:11:20","modified_gmt":"2026-01-19T02:11:20","slug":"cronograma-de-la-municipalidad-de-las-fumigaciones-contra-el-dengue","status":"publish","type":"post","link":"https:\/\/elterritorialweb.com.ar\/web\/cronograma-de-la-municipalidad-de-las-fumigaciones-contra-el-dengue\/","title":{"rendered":"CRONOGRAMA DE LA MUNICIPALIDAD DE LAS FUMIGACIONES CONTRA EL DENGUE"},"content":{"rendered":"\n<p>El <strong>lunes 19<\/strong>, los empleados trabajar\u00e1n en los barrios <strong>Alte. Brown, Islas Malvinas, Jard\u00edn, Los Flores, Virgen de Guadalupe, La Costa, Independencia (Ulluas, Amp. Independencia, Telef\u00f3nicos) y Parque del Rio I y II.<\/strong> <\/p>\n\n\n\n<p>El <strong>martes 20,<\/strong> fumigar\u00e1n en los barrios <strong>Cabildo (Ciudad del Ni\u00f1o), Belgrano (Palomar), 8 de Abril, C\u00e1ceres, Reconquista y La Cat\u00f3lica.<\/strong> <\/p>\n\n\n\n<p>El <strong>mi\u00e9rcoles 21<\/strong>, las tareas se desarrollar\u00e1n en los barrios <strong>Centro, Alberdi, Sargento Cabral, Lomas del Golf (sectores Rivera, Froil\u00e1n y Altos), Parque Aguirre, Juan XXIII (sector Tri\u00e1ngulo) y San Francisco.<\/strong><\/p>\n\n\n\n<p>El <strong>jueves 22, <\/strong>continuar\u00e1n en los barrios Aeropuerto y todas sus ampliaciones, <strong>Borges (Villa Borges, 1\u00b0 y 2\u00b0 ampliaci\u00f3n, Coesa) y Huaico Hondo (sectores Tarapaya y Villa Tranquila).<\/strong> <\/p>\n\n\n\n<p>El <strong>viernes 23<\/strong>, el servicio se prestar\u00e1 en los barrios <strong>General Paz (Dr. Favaloro), Bel\u00e9n (Sta.Teresita), John Kennedy, Autonom\u00eda, Sta. Rosa de Lima y San Jos\u00e9 de Flores.<\/strong><\/p>\n\n\n\n<p>Desde la municipalidad solicitaron a los vecinos su colaboraci\u00f3n manteniendo la limpieza de las viviendas, eliminando los recipientes que puedan acumular agua y conservando el c\u00e9sped corto.<\/p>\n\n\n\n<p><\/p>\n","protected":false},"excerpt":{"rendered":"<p>La Direcci\u00f3n de Calidad de Vida inform\u00f3 el cronograma de fumigaciones correspondiente a la semana que va desde el lunes 19 hasta el viernes 23, con el prop\u00f3sito de prevenir la reproducci\u00f3n de mosquitos y otros insectos.<\/p>\n","protected":false},"author":2,"featured_media":81310,"comment_status":"open","ping_status":"open","sticky":false,"template":"","format":"standard","meta":{"om_disable_all_campaigns":false,"_monsterinsights_skip_tracking":false,"_monsterinsights_sitenote_active":false,"_monsterinsights_sitenote_note":"","_monsterinsights_sitenote_category":0,"_uf_show_specific_survey":0,"_uf_disable_surveys":false,"jetpack_post_was_ever_published":false,"_jetpack_newsletter_access":"","_jetpack_dont_email_post_to_subs":false,"_jetpack_newsletter_tier_id":0,"_jetpack_memberships_contains_paywalled_content":false,"_jetpack_memberships_contains_paid_content":false,"footnotes":"","jetpack_publicize_message":"","jetpack_publicize_feature_enabled":true,"jetpack_social_post_already_shared":true,"jetpack_social_options":{"image_generator_settings":{"template":"highway","default_image_id":0,"font":"","enabled":false},"version":2}},"categories":[4,21],"tags":[113,73],"class_list":["post-81309","post","type-post","status-publish","format-standard","has-post-thumbnail","hentry","category-destacadas","category-locales","tag-fumigacion","tag-municipalidad-de-la-capital"],"aioseo_notices":[],"views":11,"jetpack_publicize_connections":[],"jetpack_featured_media_url":"https:\/\/i0.wp.com\/elterritorialweb.com.ar\/web\/wp-content\/uploads\/2026\/01\/FUMIGACIONES.jpeg?fit=1280%2C853&ssl=1","jetpack_sharing_enabled":true,"_links":{"self":[{"href":"https:\/\/elterritorialweb.com.ar\/web\/wp-json\/wp\/v2\/posts\/81309","targetHints":{"allow":["GET"]}}],"collection":[{"href":"https:\/\/elterritorialweb.com.ar\/web\/wp-json\/wp\/v2\/posts"}],"about":[{"href":"https:\/\/elterritorialweb.com.ar\/web\/wp-json\/wp\/v2\/types\/post"}],"author":[{"embeddable":true,"href":"https:\/\/elterritorialweb.com.ar\/web\/wp-json\/wp\/v2\/users\/2"}],"replies":[{"embeddable":true,"href":"https:\/\/elterritorialweb.com.ar\/web\/wp-json\/wp\/v2\/comments?post=81309"}],"version-history":[{"count":1,"href":"https:\/\/elterritorialweb.com.ar\/web\/wp-json\/wp\/v2\/posts\/81309\/revisions"}],"predecessor-version":[{"id":81311,"href":"https:\/\/elterritorialweb.com.ar\/web\/wp-json\/wp\/v2\/posts\/81309\/revisions\/81311"}],"wp:featuredmedia":[{"embeddable":true,"href":"https:\/\/elterritorialweb.com.ar\/web\/wp-json\/wp\/v2\/media\/81310"}],"wp:attachment":[{"href":"https:\/\/elterritorialweb.com.ar\/web\/wp-json\/wp\/v2\/media?parent=81309"}],"wp:term":[{"taxonomy":"category","embeddable":true,"href":"https:\/\/elterritorialweb.com.ar\/web\/wp-json\/wp\/v2\/categories?post=81309"},{"taxonomy":"post_tag","embeddable":true,"href":"https:\/\/elterritorialweb.com.ar\/web\/wp-json\/wp\/v2\/tags?post=81309"}],"curies":[{"name":"wp","href":"https:\/\/api.w.org\/{rel}","templated":true}]}}