{"id":81314,"date":"2026-01-23T00:39:52","date_gmt":"2026-01-23T00:39:52","guid":{"rendered":"https:\/\/elterritorialweb.com.ar\/web\/?p=81314"},"modified":"2026-01-23T00:39:54","modified_gmt":"2026-01-23T00:39:54","slug":"se-amplia-la-vacunacion-contra-el-dengue-hasta-los-59-anos-en-capital-y-banda","status":"publish","type":"post","link":"https:\/\/elterritorialweb.com.ar\/web\/se-amplia-la-vacunacion-contra-el-dengue-hasta-los-59-anos-en-capital-y-banda\/","title":{"rendered":"SE AMPL\u00cdA LA VACUNACI\u00d3N CONTRA EL DENGUE HASTA LOS 59 A\u00d1OS EN CAPITAL Y BANDA"},"content":{"rendered":"\n<p>El <strong>Ministerio de Salud de la Provincia<\/strong> inform\u00f3 que, a partir de esta semana, se ampl\u00eda la <strong>campa\u00f1a de vacunaci\u00f3n contra el dengue<\/strong> para incluir a <strong>personas de entre 39 y 59 a\u00f1os<\/strong>, que se <strong>suman al grupo etario de 15 a 39 a\u00f1os<\/strong> ya contemplado. En una primera etapa, la estrategia se implementa en los <strong>departamentos Capital y Banda<\/strong>, definidos como \u00e1reas prioritarias por su mayor incidencia hist\u00f3rica de la enfermedad.<\/p>\n\n\n\n<p>La jefa del Programa de Inmunizaciones del Ministerio de Salud, <strong>Dra. Florencia Coronel<\/strong>, explic\u00f3 que la ampliaci\u00f3n es posible gracias al env\u00edo de nuevas dosis por parte de la Naci\u00f3n y responde a una estrategia sanitaria orientada a reforzar la prevenci\u00f3n en los territorios de mayor riesgo.<em> \u201cLa vacuna es gratuita, no requiere orden m\u00e9dica y se aplica en dos dosis con un intervalo m\u00ednimo de tres meses. Es fundamental completar el esquema para lograr una adecuada protecci\u00f3n frente a los cuatro serotipos del virus\u201d<\/em>, subray\u00f3.<\/p>\n\n\n\n<p>La vacunaci\u00f3n est\u00e1 destinada a personas de <strong>15 a 59 a\u00f1os, hayan tenido o no dengue<\/strong>, y se encuentra disponible en todos los <strong>vacunatorios de Capital y Banda. <\/strong>En el caso de quienes hayan cursado la enfermedad, se debe esperar seis meses para iniciar el esquema. <strong>No pueden vacunarse personas embarazadas, en per\u00edodo de lactancia, inmunosuprimidas o con antecedentes de reacciones al\u00e9rgicas a dosis previas.<\/strong><\/p>\n\n\n\n<p>En relaci\u00f3n con la <strong>situaci\u00f3n epidemiol\u00f3gica<\/strong>, la <strong>Dra. Coronel<\/strong> indic\u00f3 que actualmente no se registra circulaci\u00f3n del virus del dengue en la provincia, aunque advirti\u00f3 sobre la necesidad de mantenerse alertas ante el contexto nacional y las condiciones clim\u00e1ticas. <em>\u201cEl \u00faltimo bolet\u00edn epidemiol\u00f3gico nacional informa la circulaci\u00f3n del serotipo DEN-3 en personas viajeras. Cl\u00ednicamente no hay diferencias con otros serotipos, por lo que ante s\u00edntomas como fiebre y dolor muscular, sin s\u00edntomas respiratorios, se recomienda consultar en el centro de salud m\u00e1s cercano\u201d, <\/em>precis\u00f3.<\/p>\n\n\n\n<p>Por su parte, desde la <strong>Direcci\u00f3n de Vectores<\/strong>, la educadora para la salud <strong>Cintia Campos<\/strong> destac\u00f3 el trabajo preventivo sostenido durante todo el a\u00f1o, intensificado en las \u00faltimas semanas debido a las lluvias persistentes. <em>\u201cEstamos reforzando las acciones de control focal, descacharrado y trabajo territorial junto a municipios y equipos de la Direcci\u00f3n de Atenci\u00f3n Primaria de la Salud. El rol del vecino es clave: despu\u00e9s de cada lluvia es fundamental revisar patios, eliminar recipientes en desuso y evitar la acumulaci\u00f3n de agua\u201d<\/em>, se\u00f1al\u00f3.<\/p>\n\n\n\n<p><strong>Campos<\/strong> resalt\u00f3 adem\u00e1s la creciente participaci\u00f3n comunitaria en los barrios, con vecinos y organizaciones que se suman activamente a las tareas de prevenci\u00f3n.<em> \u201cLa prevenci\u00f3n del dengue es una tarea colectiva y sostenida, que requiere del compromiso de todos\u201d,<\/em> concluy\u00f3.<\/p>\n\n\n\n<p>Desde el <strong>Ministerio de Salud <\/strong>recordaron que la vacunaci\u00f3n, junto con las medidas de prevenci\u00f3n domiciliarias, constituye la principal herramienta para reducir el riesgo de dengue y proteger la salud de la poblaci\u00f3n.<\/p>\n\n\n\n<p><\/p>\n","protected":false},"excerpt":{"rendered":"<p>La campa\u00f1a incorpora a personas de 39 a 59 a\u00f1os y se desarrolla en los departamentos Capital y Banda, zonas con mayor incidencia hist\u00f3rica de la enfermedad. La vacuna es gratuita y se aplica en dos dosis.<\/p>\n","protected":false},"author":2,"featured_media":81315,"comment_status":"open","ping_status":"open","sticky":false,"template":"","format":"standard","meta":{"om_disable_all_campaigns":false,"_monsterinsights_skip_tracking":false,"_monsterinsights_sitenote_active":false,"_monsterinsights_sitenote_note":"","_monsterinsights_sitenote_category":0,"_uf_show_specific_survey":0,"_uf_disable_surveys":false,"jetpack_post_was_ever_published":false,"_jetpack_newsletter_access":"","_jetpack_dont_email_post_to_subs":false,"_jetpack_newsletter_tier_id":0,"_jetpack_memberships_contains_paywalled_content":false,"_jetpack_memberships_contains_paid_content":false,"footnotes":"","jetpack_publicize_message":"","jetpack_publicize_feature_enabled":true,"jetpack_social_post_already_shared":true,"jetpack_social_options":{"image_generator_settings":{"template":"highway","default_image_id":0,"font":"","enabled":false},"version":2}},"categories":[4,3],"tags":[847,287,1069],"class_list":["post-81314","post","type-post","status-publish","format-standard","has-post-thumbnail","hentry","category-destacadas","category-salud","tag-dengue","tag-ministerio-de-salud-de-santiago-del-estero","tag-vacunacion"],"aioseo_notices":[],"views":12,"jetpack_publicize_connections":[],"jetpack_featured_media_url":"https:\/\/i0.wp.com\/elterritorialweb.com.ar\/web\/wp-content\/uploads\/2026\/01\/whatsapp_image_2026-01-21_at_15.05.22_1.jpeg?fit=1600%2C1060&ssl=1","jetpack_sharing_enabled":true,"_links":{"self":[{"href":"https:\/\/elterritorialweb.com.ar\/web\/wp-json\/wp\/v2\/posts\/81314","targetHints":{"allow":["GET"]}}],"collection":[{"href":"https:\/\/elterritorialweb.com.ar\/web\/wp-json\/wp\/v2\/posts"}],"about":[{"href":"https:\/\/elterritorialweb.com.ar\/web\/wp-json\/wp\/v2\/types\/post"}],"author":[{"embeddable":true,"href":"https:\/\/elterritorialweb.com.ar\/web\/wp-json\/wp\/v2\/users\/2"}],"replies":[{"embeddable":true,"href":"https:\/\/elterritorialweb.com.ar\/web\/wp-json\/wp\/v2\/comments?post=81314"}],"version-history":[{"count":1,"href":"https:\/\/elterritorialweb.com.ar\/web\/wp-json\/wp\/v2\/posts\/81314\/revisions"}],"predecessor-version":[{"id":81316,"href":"https:\/\/elterritorialweb.com.ar\/web\/wp-json\/wp\/v2\/posts\/81314\/revisions\/81316"}],"wp:featuredmedia":[{"embeddable":true,"href":"https:\/\/elterritorialweb.com.ar\/web\/wp-json\/wp\/v2\/media\/81315"}],"wp:attachment":[{"href":"https:\/\/elterritorialweb.com.ar\/web\/wp-json\/wp\/v2\/media?parent=81314"}],"wp:term":[{"taxonomy":"category","embeddable":true,"href":"https:\/\/elterritorialweb.com.ar\/web\/wp-json\/wp\/v2\/categories?post=81314"},{"taxonomy":"post_tag","embeddable":true,"href":"https:\/\/elterritorialweb.com.ar\/web\/wp-json\/wp\/v2\/tags?post=81314"}],"curies":[{"name":"wp","href":"https:\/\/api.w.org\/{rel}","templated":true}]}}