{"id":81319,"date":"2026-01-23T00:53:21","date_gmt":"2026-01-23T00:53:21","guid":{"rendered":"https:\/\/elterritorialweb.com.ar\/web\/?p=81319"},"modified":"2026-01-23T00:53:24","modified_gmt":"2026-01-23T00:53:24","slug":"intensa-jornada-quirurgica-en-el-nuevo-hospital-zonal-de-pinto","status":"publish","type":"post","link":"https:\/\/elterritorialweb.com.ar\/web\/intensa-jornada-quirurgica-en-el-nuevo-hospital-zonal-de-pinto\/","title":{"rendered":"INTENSA JORNADA QUIR\u00daRGICA EN EL NUEVO HOSPITAL ZONAL DE PINTO"},"content":{"rendered":"\n<p>El <strong>Ministerio de Salud de la Provincia<\/strong> inform\u00f3 la realizaci\u00f3n de <strong>una intensa jornada quir\u00fargica<\/strong> en el <strong>Nuevo Hospital Zonal de Pinto<\/strong>, donde se concretaron ocho cirug\u00edas programadas \u2014las primeras del a\u00f1o\u2014 en el marco del <strong>Programa Quir\u00fargico Itinerante del Interior<\/strong>, impulsado por las pol\u00edticas sanitarias del Gobierno provincial.<\/p>\n\n\n\n<p>El director del hospital, <strong>Dr. Emanuel Olivera<\/strong>, destac\u00f3 que los procedimientos efectuados, entre ellos <strong>colecistectom\u00edas por videolaparoscop\u00eda y cirug\u00edas de hernias, <\/strong>permitieron brindar respuestas concretas a <strong>pacientes de Pinto, Villa Uni\u00f3n, Malbr\u00e1n y zonas rurales<\/strong> bajo cobertura del nosocomio. De este modo, se evitaron derivaciones a centros de mayor complejidad y se garantiz\u00f3 una atenci\u00f3n oportuna y cercana al lugar de residencia.<\/p>\n\n\n\n<p>Las intervenciones estuvieron a cargo de un equipo multidisciplinario integrado por los m\u00e9dicos cirujanos <strong>Dr. Maximiliano del Pino, Dr. Mat\u00edas Casta\u00f1o y Dr. Guillermo Weiner; la m\u00e9dica anestesi\u00f3loga Dra. Mar\u00eda Lina Morales; las instrumentistas Andrea B\u00e1ez y Noelia Gramajo<\/strong>; y la <strong>t\u00e9cnica en radiolog\u00eda Mar\u00eda Jos\u00e9 Gramaglia<\/strong>, junto a todo el personal del hospital zonal.<\/p>\n\n\n\n<p>Asimismo, el <strong>Dr. Olivera<\/strong> explic\u00f3 que el <strong>Programa Quir\u00fargico Itinerante<\/strong> funciona desde el a\u00f1o pasado y que el nuevo hospital cuenta con <strong>quir\u00f3fanos equipados con tecnolog\u00eda de \u00faltima generaci\u00f3n y servicios<\/strong> que fortalecen una atenci\u00f3n integral del paciente. Esta pol\u00edtica sanitaria se desarrolla tambi\u00e9n en otros hospitales del interior, como <strong>Monte Quemado, Quimil\u00ed, Fern\u00e1ndez, A\u00f1atuya, Fr\u00edas, Termas de R\u00edo Hondo, Loreto, Ojo de Agua y Sumampa<\/strong>, con la coordinaci\u00f3n de distintas \u00e1reas centrales del sistema de salud provincial.<\/p>\n\n\n\n<p>En ese sentido, el director del Hospital remarc\u00f3: <em>\u201cPoner en funcionamiento un servicio quir\u00fargico en el interior significa m\u00e1s accesibilidad, m\u00e1s resolutividad y m\u00e1s justicia sanitaria. Es una decisi\u00f3n de pol\u00edtica p\u00fablica que permite que los pacientes sean atendidos cerca de sus hogares, con equipos comprometidos y capacitados, fortaleciendo una salud p\u00fablica eficiente, en red y con una mirada integral\u201d.<\/em><\/p>\n","protected":false},"excerpt":{"rendered":"<p>Se realizaron ocho cirug\u00edas programadas en el marco del Programa Quir\u00fargico Itinerante, fortaleciendo el acceso a la salud en el interior provincial.<\/p>\n","protected":false},"author":2,"featured_media":81320,"comment_status":"open","ping_status":"open","sticky":false,"template":"","format":"standard","meta":{"om_disable_all_campaigns":false,"_monsterinsights_skip_tracking":false,"_monsterinsights_sitenote_active":false,"_monsterinsights_sitenote_note":"","_monsterinsights_sitenote_category":0,"_uf_show_specific_survey":0,"_uf_disable_surveys":false,"jetpack_post_was_ever_published":false,"_jetpack_newsletter_access":"","_jetpack_dont_email_post_to_subs":false,"_jetpack_newsletter_tier_id":0,"_jetpack_memberships_contains_paywalled_content":false,"_jetpack_memberships_contains_paid_content":false,"footnotes":"","jetpack_publicize_message":"","jetpack_publicize_feature_enabled":true,"jetpack_social_post_already_shared":true,"jetpack_social_options":{"image_generator_settings":{"template":"highway","default_image_id":0,"font":"","enabled":false},"version":2}},"categories":[4,3],"tags":[287,1594],"class_list":["post-81319","post","type-post","status-publish","format-standard","has-post-thumbnail","hentry","category-destacadas","category-salud","tag-ministerio-de-salud-de-santiago-del-estero","tag-programa-quirurgico-itinerante"],"aioseo_notices":[],"views":7,"jetpack_publicize_connections":[],"jetpack_featured_media_url":"https:\/\/i0.wp.com\/elterritorialweb.com.ar\/web\/wp-content\/uploads\/2026\/01\/IMG-20260122-WA0014.jpg?fit=1280%2C1124&ssl=1","jetpack_sharing_enabled":true,"_links":{"self":[{"href":"https:\/\/elterritorialweb.com.ar\/web\/wp-json\/wp\/v2\/posts\/81319","targetHints":{"allow":["GET"]}}],"collection":[{"href":"https:\/\/elterritorialweb.com.ar\/web\/wp-json\/wp\/v2\/posts"}],"about":[{"href":"https:\/\/elterritorialweb.com.ar\/web\/wp-json\/wp\/v2\/types\/post"}],"author":[{"embeddable":true,"href":"https:\/\/elterritorialweb.com.ar\/web\/wp-json\/wp\/v2\/users\/2"}],"replies":[{"embeddable":true,"href":"https:\/\/elterritorialweb.com.ar\/web\/wp-json\/wp\/v2\/comments?post=81319"}],"version-history":[{"count":1,"href":"https:\/\/elterritorialweb.com.ar\/web\/wp-json\/wp\/v2\/posts\/81319\/revisions"}],"predecessor-version":[{"id":81321,"href":"https:\/\/elterritorialweb.com.ar\/web\/wp-json\/wp\/v2\/posts\/81319\/revisions\/81321"}],"wp:featuredmedia":[{"embeddable":true,"href":"https:\/\/elterritorialweb.com.ar\/web\/wp-json\/wp\/v2\/media\/81320"}],"wp:attachment":[{"href":"https:\/\/elterritorialweb.com.ar\/web\/wp-json\/wp\/v2\/media?parent=81319"}],"wp:term":[{"taxonomy":"category","embeddable":true,"href":"https:\/\/elterritorialweb.com.ar\/web\/wp-json\/wp\/v2\/categories?post=81319"},{"taxonomy":"post_tag","embeddable":true,"href":"https:\/\/elterritorialweb.com.ar\/web\/wp-json\/wp\/v2\/tags?post=81319"}],"curies":[{"name":"wp","href":"https:\/\/api.w.org\/{rel}","templated":true}]}}