{"id":81322,"date":"2026-01-23T01:05:45","date_gmt":"2026-01-23T01:05:45","guid":{"rendered":"https:\/\/elterritorialweb.com.ar\/web\/?p=81322"},"modified":"2026-01-23T01:05:47","modified_gmt":"2026-01-23T01:05:47","slug":"el-intendente-nediani-encabezo-un-operativo-integral-de-erradicacion-de-basurales","status":"publish","type":"post","link":"https:\/\/elterritorialweb.com.ar\/web\/el-intendente-nediani-encabezo-un-operativo-integral-de-erradicacion-de-basurales\/","title":{"rendered":"EL INTENDENTE NEDIANI ENCABEZ\u00d3 UN OPERATIVO INTEGRAL DE ERRADICACI\u00d3N DE BASURALES"},"content":{"rendered":"\n<p>El intendente de la ciudad de La Banda, Ing. Roger El\u00edas Nediani, encabez\u00f3 un operativo integral de limpieza, desmalezamiento y erradicaci\u00f3n de basurales a cielo abierto en un terreno bald\u00edo de propiedad privada ubicado en la intersecci\u00f3n de las calles C\u00f3rdoba y San Carlos, en el marco de las pol\u00edticas de ordenamiento urbano que impulsa la gesti\u00f3n municipal.<\/p>\n\n\n\n<p>El trabajo cont\u00f3 con la participaci\u00f3n de la Secretar\u00eda de Servicios P\u00fablicos, la Secretar\u00eda de Ordenamiento Urbano y la Secretar\u00eda de Gobierno, a trav\u00e9s de la Escriban\u00eda Municipal, junto a personal de distintas \u00e1reas operativas. En el lugar se despleg\u00f3 un importante operativo que incluy\u00f3 20 camiones, una pala cargadora y cuadrillas municipales, que realizaron tareas de saneamiento en dos terrenos privados que se encontraban en estado de abandono y se hab\u00edan transformado en focos de contaminaci\u00f3n.<\/p>\n\n\n\n<p>Durante la jornada, el intendente Nediani remarc\u00f3 que estas intervenciones se llevan adelante debido a que \u201clamentablemente algunos vecinos arrojan residuos en estos espacios y, al mismo tiempo, los propietarios no cumplen con las normativas y ordenanzas vigentes\u201d. En ese sentido, subray\u00f3 que el objetivo central de la gesti\u00f3n es \u201ctener una ciudad limpia, ordenada y saludable\u201d, y adelant\u00f3 que los propietarios de los terrenos intervenidos ser\u00e1n debidamente notificados para que se hagan responsables de su mantenimiento.<\/p>\n\n\n\n<p>Por su parte, la escribana municipal Mar\u00eda Laura Tula Rizzo explic\u00f3 que, en muchos casos, los terrenos pertenecen a sucesiones no regularizadas, lo que dificulta la identificaci\u00f3n de los responsables. No obstante, asegur\u00f3 que se continuar\u00e1 con el circuito administrativo correspondiente, que contempla emplazamientos y la aplicaci\u00f3n de multas, teniendo en cuenta el importante despliegue de recursos que el Municipio debe realizar ante los reclamos vecinales. Asimismo, inst\u00f3 a los propietarios a presentarse ante la Escriban\u00eda Municipal o la Secretar\u00eda de Ordenamiento Urbano para regularizar la situaci\u00f3n y garantizar el cerramiento y cuidado de los predios.<\/p>\n\n\n\n<p>En tanto, el secretario de Servicios P\u00fablicos, Christian Mendoza, destac\u00f3 el trabajo articulado entre las distintas \u00e1reas municipales y se\u00f1al\u00f3 que estas acciones permiten erradicar focos infecciosos, especialmente en \u00e9poca estival, cuando la humedad y el crecimiento de la maleza favorecen la proliferaci\u00f3n de insectos.<\/p>\n\n\n\n<p>Finalmente, el secretario de Ordenamiento El Municipio de La Banda intensific\u00f3 las acciones de saneamiento urbano con un amplio despliegue de recursos humanos y maquinaria en terrenos privados abandonados.<\/p>\n\n\n\n<p><\/p>\n","protected":false},"excerpt":{"rendered":"<p>El Municipio de La Banda intensific\u00f3 las acciones de saneamiento urbano con un amplio despliegue de recursos humanos y maquinaria en terrenos privados abandonados.<\/p>\n","protected":false},"author":2,"featured_media":81323,"comment_status":"open","ping_status":"open","sticky":false,"template":"","format":"standard","meta":{"om_disable_all_campaigns":false,"_monsterinsights_skip_tracking":false,"_monsterinsights_sitenote_active":false,"_monsterinsights_sitenote_note":"","_monsterinsights_sitenote_category":0,"_uf_show_specific_survey":0,"_uf_disable_surveys":false,"jetpack_post_was_ever_published":false,"_jetpack_newsletter_access":"","_jetpack_dont_email_post_to_subs":false,"_jetpack_newsletter_tier_id":0,"_jetpack_memberships_contains_paywalled_content":false,"_jetpack_memberships_contains_paid_content":false,"footnotes":"","jetpack_publicize_message":"","jetpack_publicize_feature_enabled":true,"jetpack_social_post_already_shared":true,"jetpack_social_options":{"image_generator_settings":{"template":"highway","default_image_id":0,"font":"","enabled":false},"version":2}},"categories":[9,4],"tags":[71,51],"class_list":["post-81322","post","type-post","status-publish","format-standard","has-post-thumbnail","hentry","category-banda","category-destacadas","tag-municipalidad-de-la-banda","tag-roger-nediani"],"aioseo_notices":[],"views":14,"jetpack_publicize_connections":[],"jetpack_featured_media_url":"https:\/\/i0.wp.com\/elterritorialweb.com.ar\/web\/wp-content\/uploads\/2026\/01\/IMG-20260122-WA0012.jpg?fit=1472%2C779&ssl=1","jetpack_sharing_enabled":true,"_links":{"self":[{"href":"https:\/\/elterritorialweb.com.ar\/web\/wp-json\/wp\/v2\/posts\/81322","targetHints":{"allow":["GET"]}}],"collection":[{"href":"https:\/\/elterritorialweb.com.ar\/web\/wp-json\/wp\/v2\/posts"}],"about":[{"href":"https:\/\/elterritorialweb.com.ar\/web\/wp-json\/wp\/v2\/types\/post"}],"author":[{"embeddable":true,"href":"https:\/\/elterritorialweb.com.ar\/web\/wp-json\/wp\/v2\/users\/2"}],"replies":[{"embeddable":true,"href":"https:\/\/elterritorialweb.com.ar\/web\/wp-json\/wp\/v2\/comments?post=81322"}],"version-history":[{"count":1,"href":"https:\/\/elterritorialweb.com.ar\/web\/wp-json\/wp\/v2\/posts\/81322\/revisions"}],"predecessor-version":[{"id":81324,"href":"https:\/\/elterritorialweb.com.ar\/web\/wp-json\/wp\/v2\/posts\/81322\/revisions\/81324"}],"wp:featuredmedia":[{"embeddable":true,"href":"https:\/\/elterritorialweb.com.ar\/web\/wp-json\/wp\/v2\/media\/81323"}],"wp:attachment":[{"href":"https:\/\/elterritorialweb.com.ar\/web\/wp-json\/wp\/v2\/media?parent=81322"}],"wp:term":[{"taxonomy":"category","embeddable":true,"href":"https:\/\/elterritorialweb.com.ar\/web\/wp-json\/wp\/v2\/categories?post=81322"},{"taxonomy":"post_tag","embeddable":true,"href":"https:\/\/elterritorialweb.com.ar\/web\/wp-json\/wp\/v2\/tags?post=81322"}],"curies":[{"name":"wp","href":"https:\/\/api.w.org\/{rel}","templated":true}]}}