{"id":81333,"date":"2026-01-26T00:22:10","date_gmt":"2026-01-26T00:22:10","guid":{"rendered":"https:\/\/elterritorialweb.com.ar\/web\/?p=81333"},"modified":"2026-01-26T00:22:12","modified_gmt":"2026-01-26T00:22:12","slug":"se-difunde-el-cronograma-semanal-de-fumigaciones-contra-mosquitos","status":"publish","type":"post","link":"https:\/\/elterritorialweb.com.ar\/web\/se-difunde-el-cronograma-semanal-de-fumigaciones-contra-mosquitos\/","title":{"rendered":"SE DIFUNDE EL CRONOGRAMA SEMANAL DE FUMIGACIONES CONTRA MOSQUITOS"},"content":{"rendered":"\n<p>La <strong>Direcci\u00f3n de Calidad de Vida<\/strong> inform\u00f3 el <strong>cronograma semanal de fumigaciones<\/strong> que se llevar\u00e1 adelante desde el <strong>lunes 26 hasta el viernes 30<\/strong>, en el marco de las acciones preventivas destinadas a reducir la reproducci\u00f3n de mosquitos y otros insectos, especialmente ante el aumento de las temperaturas.<\/p>\n\n\n\n<p>Seg\u00fan lo detallado, el <strong>lunes 26 <\/strong>los trabajos se realizar\u00e1n en los barrios <strong>Villa del Carmen, N\u00e9stor Kirchner, Sixto Palavecino, Vinalar, Smata, Santa Luc\u00eda e Industria.<\/strong> El <strong>martes 27<\/strong>, las cuadrillas municipales intervendr\u00e1n en <strong>Siglos XX y XXI, Saint Germ\u00e9s, La Alhambra, Ej\u00e9rcito Argentino, Parque Sur, Am\u00e9rica del Sur, Juan D\u00edaz de Sol\u00eds y Campo Contreras.<\/strong><\/p>\n\n\n\n<p>En tanto, el <strong>mi\u00e9rcoles 28<\/strong> las tareas continuar\u00e1n en los barrios <strong>Juramento, Sarmiento, Ram\u00f3n Carrillo, Tradici\u00f3n, Primera Junta e Inmigrantes<\/strong>. El <strong>jueves 29, <\/strong>el operativo abarcar\u00e1 <strong>Congreso, Francisco de Aguirre, S\u00e1enz Pe\u00f1a, Centenario, Rivadavia, Col\u00f3n, Juan Felipe Ibarra y Jorge Newbery.<\/strong><\/p>\n\n\n\n<p>Finalmente, el <strong>viernes 30 <\/strong>el servicio se prestar\u00e1 en los barrios <strong>Mariano Moreno \u2014en sus nueve ampliaciones\u2014, Libertad, San Mart\u00edn, Bosco I, II y III, Bruno Volta y Mosconi.<\/strong><\/p>\n\n\n\n<p>Desde la repartici\u00f3n municipal solicitaron la colaboraci\u00f3n de los vecinos, remarcando la importancia de mantener la limpieza de los hogares, eliminar recipientes que puedan acumular agua y conservar el c\u00e9sped corto, como medidas complementarias para fortalecer la prevenci\u00f3n y el control del mosquito.<\/p>\n\n\n\n<p><\/p>\n","protected":false},"excerpt":{"rendered":"<p>Las tareas se desarrollar\u00e1n del lunes 26 al viernes 30 en distintos barrios de la ciudad, con el objetivo de prevenir la proliferaci\u00f3n de mosquitos y otros insectos.<\/p>\n","protected":false},"author":2,"featured_media":81334,"comment_status":"open","ping_status":"open","sticky":false,"template":"","format":"standard","meta":{"om_disable_all_campaigns":false,"_monsterinsights_skip_tracking":false,"_monsterinsights_sitenote_active":false,"_monsterinsights_sitenote_note":"","_monsterinsights_sitenote_category":0,"_uf_show_specific_survey":0,"_uf_disable_surveys":false,"jetpack_post_was_ever_published":false,"_jetpack_newsletter_access":"","_jetpack_dont_email_post_to_subs":false,"_jetpack_newsletter_tier_id":0,"_jetpack_memberships_contains_paywalled_content":false,"_jetpack_memberships_contains_paid_content":false,"footnotes":"","jetpack_publicize_message":"","jetpack_publicize_feature_enabled":true,"jetpack_social_post_already_shared":true,"jetpack_social_options":{"image_generator_settings":{"template":"highway","default_image_id":0,"font":"","enabled":false},"version":2}},"categories":[4,21],"tags":[113,73],"class_list":["post-81333","post","type-post","status-publish","format-standard","has-post-thumbnail","hentry","category-destacadas","category-locales","tag-fumigacion","tag-municipalidad-de-la-capital"],"aioseo_notices":[],"views":8,"jetpack_publicize_connections":[],"jetpack_featured_media_url":"https:\/\/i0.wp.com\/elterritorialweb.com.ar\/web\/wp-content\/uploads\/2026\/01\/IMG-20260125-WA0011.jpg?fit=1044%2C647&ssl=1","jetpack_sharing_enabled":true,"_links":{"self":[{"href":"https:\/\/elterritorialweb.com.ar\/web\/wp-json\/wp\/v2\/posts\/81333","targetHints":{"allow":["GET"]}}],"collection":[{"href":"https:\/\/elterritorialweb.com.ar\/web\/wp-json\/wp\/v2\/posts"}],"about":[{"href":"https:\/\/elterritorialweb.com.ar\/web\/wp-json\/wp\/v2\/types\/post"}],"author":[{"embeddable":true,"href":"https:\/\/elterritorialweb.com.ar\/web\/wp-json\/wp\/v2\/users\/2"}],"replies":[{"embeddable":true,"href":"https:\/\/elterritorialweb.com.ar\/web\/wp-json\/wp\/v2\/comments?post=81333"}],"version-history":[{"count":1,"href":"https:\/\/elterritorialweb.com.ar\/web\/wp-json\/wp\/v2\/posts\/81333\/revisions"}],"predecessor-version":[{"id":81335,"href":"https:\/\/elterritorialweb.com.ar\/web\/wp-json\/wp\/v2\/posts\/81333\/revisions\/81335"}],"wp:featuredmedia":[{"embeddable":true,"href":"https:\/\/elterritorialweb.com.ar\/web\/wp-json\/wp\/v2\/media\/81334"}],"wp:attachment":[{"href":"https:\/\/elterritorialweb.com.ar\/web\/wp-json\/wp\/v2\/media?parent=81333"}],"wp:term":[{"taxonomy":"category","embeddable":true,"href":"https:\/\/elterritorialweb.com.ar\/web\/wp-json\/wp\/v2\/categories?post=81333"},{"taxonomy":"post_tag","embeddable":true,"href":"https:\/\/elterritorialweb.com.ar\/web\/wp-json\/wp\/v2\/tags?post=81333"}],"curies":[{"name":"wp","href":"https:\/\/api.w.org\/{rel}","templated":true}]}}