{"id":81341,"date":"2026-01-26T15:37:33","date_gmt":"2026-01-26T15:37:33","guid":{"rendered":"https:\/\/elterritorialweb.com.ar\/web\/?p=81341"},"modified":"2026-01-26T22:44:01","modified_gmt":"2026-01-26T22:44:01","slug":"festival-anoranza-santiaguena-dos-noches-para-celebrar-la-identidad-cultural-de-la-provincia","status":"publish","type":"post","link":"https:\/\/elterritorialweb.com.ar\/web\/festival-anoranza-santiaguena-dos-noches-para-celebrar-la-identidad-cultural-de-la-provincia\/","title":{"rendered":"FESTIVAL A\u00d1ORANZA SANTIAGUE\u00d1A: DOS NOCHES PARA CELEBRAR LA IDENTIDAD CULTURAL DE LA PROVINCIA"},"content":{"rendered":"\n<p>El <strong>Festival A\u00f1oranza Santiague\u00f1a<\/strong> nace como un espacio destinado a fortalecer y visibilizar la identidad cultural de Santiago del Estero, apostando al crecimiento, la difusi\u00f3n y la profesionalizaci\u00f3n de los artistas locales. Durante dos jornadas, el <strong>s\u00e1bado 7 y domingo 8 de febrero, el Nodo Tecnol\u00f3gico<\/strong> se convertir\u00e1 en el punto de encuentro de la m\u00fasica, la danza y las expresiones que conforman el ADN cultural de la Madre de Ciudades.<\/p>\n\n\n\n<p>El nombre del festival sintetiza su esencia: la a\u00f1oranza como memoria viva, como herencia transmitida de generaci\u00f3n en generaci\u00f3n a trav\u00e9s del canto, el folklore, las voces, las danzas y las historias que definen la matriz art\u00edstica santiague\u00f1a. En ese sentido, la propuesta busca no solo celebrar estas manifestaciones, sino tambi\u00e9n promoverlas, acompa\u00f1arlas y consolidarlas como expresi\u00f3n colectiva del territorio.<\/p>\n\n\n\n<p>La grilla art\u00edstica refleja ese compromiso con el desarrollo cultural local, integrando a cantores, m\u00fasicos y academias de baile de la provincia. El <strong>s\u00e1bado 7<\/strong> tendr\u00e1 como protagonistas a <strong>Peteco Carabajal, Horacio Banegas, Orellana Lucca, El Vislumbre del Esteko, Estelares, Valeria Facelli, Demi Carabajal, Juanjo Abreg\u00fa, Lucas C\u00e1ceres y Los Bonys, <\/strong>en una noche pensada para vibrar al ritmo del canto popular y la fiesta compartida entre escenario y p\u00fablico.<\/p>\n\n\n\n<p>El <strong>domingo 8,<\/strong> la propuesta continuar\u00e1 con una fuerte carga emotiva de la mano de <strong>Raly Barrionuevo, La Pepa Brizuela, D\u00fao Coplanacu, N\u00e9stor Garnica, Roxana Carabajal, Arcanos del Desierto, Marcelo Toledo, Manolo Herrera y Las Sachaguitarras, Salitral y Sencillito. <\/strong>Ser\u00e1 una velada donde la chacarera, la zamba y la canci\u00f3n popular dialogar\u00e1n con nuevas sonoridades.<\/p>\n\n\n\n<p>Si bien el eje central del festival es el folclore, el escenario tambi\u00e9n abrir\u00e1 lugar a otros g\u00e9neros musicales, incorporando en esta edici\u00f3n propuestas como el cuarteto de La Pepa Brizuela y el rock de Estelares, ampliando as\u00ed el abanico cultural y generacional.<\/p>\n\n\n\n<p>Ser\u00e1n dos noches a puro ritmo en un espacio que ofrece todas las comodidades, incluyendo un sector VIP que se consolida edici\u00f3n tras edici\u00f3n. Las entradas ya se encuentran a la venta en Pago Donde Nac\u00ed, Coffe 24 y a trav\u00e9s de Entradaweb.com.<\/p>\n","protected":false},"excerpt":{"rendered":"<p>El s\u00e1bado 7 y domingo 8 de febrero, el Nodo Tecnol\u00f3gico ser\u00e1 escenario de una propuesta que re\u00fane a grandes referentes del folclore y otros g\u00e9neros, con fuerte protagonismo de artistas santiague\u00f1os.<\/p>\n","protected":false},"author":2,"featured_media":81351,"comment_status":"open","ping_status":"open","sticky":false,"template":"","format":"standard","meta":{"om_disable_all_campaigns":false,"_monsterinsights_skip_tracking":false,"_monsterinsights_sitenote_active":false,"_monsterinsights_sitenote_note":"","_monsterinsights_sitenote_category":0,"_uf_show_specific_survey":0,"_uf_disable_surveys":false,"jetpack_post_was_ever_published":false,"_jetpack_newsletter_access":"","_jetpack_dont_email_post_to_subs":false,"_jetpack_newsletter_tier_id":0,"_jetpack_memberships_contains_paywalled_content":false,"_jetpack_memberships_contains_paid_content":false,"footnotes":"","jetpack_publicize_message":"","jetpack_publicize_feature_enabled":true,"jetpack_social_post_already_shared":true,"jetpack_social_options":{"image_generator_settings":{"template":"highway","default_image_id":0,"font":"","enabled":false},"version":2}},"categories":[4,20],"tags":[1587,346],"class_list":["post-81341","post","type-post","status-publish","format-standard","has-post-thumbnail","hentry","category-destacadas","category-especysociales","tag-festival-anoranza-santiaguena","tag-nodo-tecnologico"],"aioseo_notices":[],"views":25,"jetpack_publicize_connections":[],"jetpack_featured_media_url":"https:\/\/i0.wp.com\/elterritorialweb.com.ar\/web\/wp-content\/uploads\/2026\/01\/1010x567_anoranza-santiaguena-540914-093252.jpg?fit=1010%2C567&ssl=1","jetpack_sharing_enabled":true,"_links":{"self":[{"href":"https:\/\/elterritorialweb.com.ar\/web\/wp-json\/wp\/v2\/posts\/81341","targetHints":{"allow":["GET"]}}],"collection":[{"href":"https:\/\/elterritorialweb.com.ar\/web\/wp-json\/wp\/v2\/posts"}],"about":[{"href":"https:\/\/elterritorialweb.com.ar\/web\/wp-json\/wp\/v2\/types\/post"}],"author":[{"embeddable":true,"href":"https:\/\/elterritorialweb.com.ar\/web\/wp-json\/wp\/v2\/users\/2"}],"replies":[{"embeddable":true,"href":"https:\/\/elterritorialweb.com.ar\/web\/wp-json\/wp\/v2\/comments?post=81341"}],"version-history":[{"count":1,"href":"https:\/\/elterritorialweb.com.ar\/web\/wp-json\/wp\/v2\/posts\/81341\/revisions"}],"predecessor-version":[{"id":81343,"href":"https:\/\/elterritorialweb.com.ar\/web\/wp-json\/wp\/v2\/posts\/81341\/revisions\/81343"}],"wp:featuredmedia":[{"embeddable":true,"href":"https:\/\/elterritorialweb.com.ar\/web\/wp-json\/wp\/v2\/media\/81351"}],"wp:attachment":[{"href":"https:\/\/elterritorialweb.com.ar\/web\/wp-json\/wp\/v2\/media?parent=81341"}],"wp:term":[{"taxonomy":"category","embeddable":true,"href":"https:\/\/elterritorialweb.com.ar\/web\/wp-json\/wp\/v2\/categories?post=81341"},{"taxonomy":"post_tag","embeddable":true,"href":"https:\/\/elterritorialweb.com.ar\/web\/wp-json\/wp\/v2\/tags?post=81341"}],"curies":[{"name":"wp","href":"https:\/\/api.w.org\/{rel}","templated":true}]}}