{"id":81345,"date":"2026-01-26T20:38:24","date_gmt":"2026-01-26T20:38:24","guid":{"rendered":"https:\/\/elterritorialweb.com.ar\/web\/?p=81345"},"modified":"2026-01-26T20:38:26","modified_gmt":"2026-01-26T20:38:26","slug":"pago-de-sueldos-de-enero-para-la-administracion-publica-provincial","status":"publish","type":"post","link":"https:\/\/elterritorialweb.com.ar\/web\/pago-de-sueldos-de-enero-para-la-administracion-publica-provincial\/","title":{"rendered":"PAGO DE SUELDOS DE ENERO PARA LA ADMINISTRACI\u00d3N P\u00daBLICA PROVINCIAL"},"content":{"rendered":"\n<p>El <strong>Gobierno de la provincia<\/strong>, a trav\u00e9s del <strong>Ministerio de Econom\u00eda<\/strong>, inform\u00f3 que el pago de los <strong>sueldos<\/strong> correspondientes al <strong>mes de enero de 2026<\/strong> para los trabajadores de la administraci\u00f3n p\u00fablica provincial comenzar\u00e1 el jueves 29.<\/p>\n\n\n\n<p>Seg\u00fan el <strong>cronograma oficial<\/strong>, a partir de las 8 horas del <strong>jueves 29<\/strong> estar\u00e1n disponibles los haberes para los agentes cuyos <strong>documentos finalicen en 0, 1, 2, 3 y 4.<\/strong> En tanto, el <strong>viernes 30<\/strong> podr\u00e1n percibir sus sueldos aquellos trabajadores con <strong>DNI terminados en 5, 6, 7, 8 y 9.<\/strong><\/p>\n\n\n\n<p>Desde el Ejecutivo provincial destacaron que el pago se realizar\u00e1 conforme a lo previsto, garantizando el cumplimiento en tiempo y forma para todo el personal de la administraci\u00f3n p\u00fablica de Santiago del Estero.<\/p>\n","protected":false},"excerpt":{"rendered":"<p>El Gobierno de Santiago del Estero confirm\u00f3 el cronograma de pago de los haberes correspondientes a enero 2026, que se har\u00e1 efectivo en dos jornadas seg\u00fan la terminaci\u00f3n del DNI.<\/p>\n","protected":false},"author":2,"featured_media":81346,"comment_status":"open","ping_status":"open","sticky":false,"template":"","format":"standard","meta":{"om_disable_all_campaigns":false,"_monsterinsights_skip_tracking":false,"_monsterinsights_sitenote_active":false,"_monsterinsights_sitenote_note":"","_monsterinsights_sitenote_category":0,"_uf_show_specific_survey":0,"_uf_disable_surveys":false,"jetpack_post_was_ever_published":false,"_jetpack_newsletter_access":"","_jetpack_dont_email_post_to_subs":false,"_jetpack_newsletter_tier_id":0,"_jetpack_memberships_contains_paywalled_content":false,"_jetpack_memberships_contains_paid_content":false,"footnotes":"","jetpack_publicize_message":"","jetpack_publicize_feature_enabled":true,"jetpack_social_post_already_shared":true,"jetpack_social_options":{"image_generator_settings":{"template":"highway","default_image_id":0,"font":"","enabled":false},"version":2}},"categories":[4,2],"tags":[65,737,211],"class_list":["post-81345","post","type-post","status-publish","format-standard","has-post-thumbnail","hentry","category-destacadas","category-economia","tag-administracion-publica-de-santiago-del-estero","tag-ministerio-de-economia-de-santiago-del-estero","tag-sueldos"],"aioseo_notices":[],"views":14,"jetpack_publicize_connections":[],"jetpack_featured_media_url":"https:\/\/i0.wp.com\/elterritorialweb.com.ar\/web\/wp-content\/uploads\/2026\/01\/istockphoto-2198737136-612x612-1.jpg?fit=586%2C424&ssl=1","jetpack_sharing_enabled":true,"_links":{"self":[{"href":"https:\/\/elterritorialweb.com.ar\/web\/wp-json\/wp\/v2\/posts\/81345","targetHints":{"allow":["GET"]}}],"collection":[{"href":"https:\/\/elterritorialweb.com.ar\/web\/wp-json\/wp\/v2\/posts"}],"about":[{"href":"https:\/\/elterritorialweb.com.ar\/web\/wp-json\/wp\/v2\/types\/post"}],"author":[{"embeddable":true,"href":"https:\/\/elterritorialweb.com.ar\/web\/wp-json\/wp\/v2\/users\/2"}],"replies":[{"embeddable":true,"href":"https:\/\/elterritorialweb.com.ar\/web\/wp-json\/wp\/v2\/comments?post=81345"}],"version-history":[{"count":1,"href":"https:\/\/elterritorialweb.com.ar\/web\/wp-json\/wp\/v2\/posts\/81345\/revisions"}],"predecessor-version":[{"id":81347,"href":"https:\/\/elterritorialweb.com.ar\/web\/wp-json\/wp\/v2\/posts\/81345\/revisions\/81347"}],"wp:featuredmedia":[{"embeddable":true,"href":"https:\/\/elterritorialweb.com.ar\/web\/wp-json\/wp\/v2\/media\/81346"}],"wp:attachment":[{"href":"https:\/\/elterritorialweb.com.ar\/web\/wp-json\/wp\/v2\/media?parent=81345"}],"wp:term":[{"taxonomy":"category","embeddable":true,"href":"https:\/\/elterritorialweb.com.ar\/web\/wp-json\/wp\/v2\/categories?post=81345"},{"taxonomy":"post_tag","embeddable":true,"href":"https:\/\/elterritorialweb.com.ar\/web\/wp-json\/wp\/v2\/tags?post=81345"}],"curies":[{"name":"wp","href":"https:\/\/api.w.org\/{rel}","templated":true}]}}