{"id":81348,"date":"2026-01-26T20:45:17","date_gmt":"2026-01-26T20:45:17","guid":{"rendered":"https:\/\/elterritorialweb.com.ar\/web\/?p=81348"},"modified":"2026-01-26T20:45:20","modified_gmt":"2026-01-26T20:45:20","slug":"la-provincia-garantiza-el-pago-de-la-hora-extendida-con-fondos-propios","status":"publish","type":"post","link":"https:\/\/elterritorialweb.com.ar\/web\/la-provincia-garantiza-el-pago-de-la-hora-extendida-con-fondos-propios\/","title":{"rendered":"LA PROVINCIA GARANTIZA EL PAGO DE LA HORA EXTENDIDA CON FONDOS PROPIOS"},"content":{"rendered":"\n<p>El <strong>Ministerio de Educaci\u00f3n, Ciencia y Tecnolog\u00eda<\/strong> de la Provincia de Santiago del Estero inform\u00f3 que el Gobierno Provincial resolvi\u00f3 afrontar con recursos propios el <strong>pago de los montos adeudados correspondientes al Programa Nacional de Hora Extendida<\/strong>, luego de haber agotado todas las instancias administrativas y formales de reclamo ante el Gobierno Nacional.<\/p>\n\n\n\n<p>Seg\u00fan se indic\u00f3 oficialmente, el pago se har\u00e1 efectivo el <strong>mi\u00e9rcoles 28 de enero<\/strong> y alcanzar\u00e1 al <strong>50% pendiente del mes de octubre<\/strong>, la <strong>totalidad de los meses de noviembre y diciembre, <\/strong>adem\u00e1s del <strong>segundo Sueldo Anual Complementario (SAC).<\/strong><\/p>\n\n\n\n<p>Desde la cartera educativa destacaron que esta decisi\u00f3n busca garantizar el cumplimiento de las obligaciones salariales con los docentes y asegurar la continuidad de una pol\u00edtica educativa clave para el fortalecimiento de los aprendizajes, reafirmando el compromiso del Estado provincial con la educaci\u00f3n p\u00fablica y sus trabajadores.<\/p>\n\n\n\n<p><\/p>\n","protected":false},"excerpt":{"rendered":"<p>El Gobierno de Santiago del Estero asumir\u00e1 con recursos provinciales el pago de montos adeudados del Programa Nacional de Hora Extendida, tras no obtener respuestas del Gobierno Nacional.<\/p>\n","protected":false},"author":2,"featured_media":61962,"comment_status":"open","ping_status":"open","sticky":false,"template":"","format":"standard","meta":{"om_disable_all_campaigns":false,"_monsterinsights_skip_tracking":false,"_monsterinsights_sitenote_active":false,"_monsterinsights_sitenote_note":"","_monsterinsights_sitenote_category":0,"_uf_show_specific_survey":0,"_uf_disable_surveys":false,"jetpack_post_was_ever_published":false,"_jetpack_newsletter_access":"","_jetpack_dont_email_post_to_subs":false,"_jetpack_newsletter_tier_id":0,"_jetpack_memberships_contains_paywalled_content":false,"_jetpack_memberships_contains_paid_content":false,"footnotes":"","jetpack_publicize_message":"","jetpack_publicize_feature_enabled":true,"jetpack_social_post_already_shared":true,"jetpack_social_options":{"image_generator_settings":{"template":"highway","default_image_id":0,"font":"","enabled":false},"version":2}},"categories":[4,19],"tags":[49,1329],"class_list":["post-81348","post","type-post","status-publish","format-standard","has-post-thumbnail","hentry","category-destacadas","category-educacion","tag-gobierno-de-santiago-del-estero","tag-hora-extendida"],"aioseo_notices":[],"views":14,"jetpack_publicize_connections":[],"jetpack_featured_media_url":"https:\/\/i0.wp.com\/elterritorialweb.com.ar\/web\/wp-content\/uploads\/2023\/12\/aulas-vacias-escuela-alumnos-colegio.jpg?fit=640%2C356&ssl=1","jetpack_sharing_enabled":true,"_links":{"self":[{"href":"https:\/\/elterritorialweb.com.ar\/web\/wp-json\/wp\/v2\/posts\/81348","targetHints":{"allow":["GET"]}}],"collection":[{"href":"https:\/\/elterritorialweb.com.ar\/web\/wp-json\/wp\/v2\/posts"}],"about":[{"href":"https:\/\/elterritorialweb.com.ar\/web\/wp-json\/wp\/v2\/types\/post"}],"author":[{"embeddable":true,"href":"https:\/\/elterritorialweb.com.ar\/web\/wp-json\/wp\/v2\/users\/2"}],"replies":[{"embeddable":true,"href":"https:\/\/elterritorialweb.com.ar\/web\/wp-json\/wp\/v2\/comments?post=81348"}],"version-history":[{"count":1,"href":"https:\/\/elterritorialweb.com.ar\/web\/wp-json\/wp\/v2\/posts\/81348\/revisions"}],"predecessor-version":[{"id":81349,"href":"https:\/\/elterritorialweb.com.ar\/web\/wp-json\/wp\/v2\/posts\/81348\/revisions\/81349"}],"wp:featuredmedia":[{"embeddable":true,"href":"https:\/\/elterritorialweb.com.ar\/web\/wp-json\/wp\/v2\/media\/61962"}],"wp:attachment":[{"href":"https:\/\/elterritorialweb.com.ar\/web\/wp-json\/wp\/v2\/media?parent=81348"}],"wp:term":[{"taxonomy":"category","embeddable":true,"href":"https:\/\/elterritorialweb.com.ar\/web\/wp-json\/wp\/v2\/categories?post=81348"},{"taxonomy":"post_tag","embeddable":true,"href":"https:\/\/elterritorialweb.com.ar\/web\/wp-json\/wp\/v2\/tags?post=81348"}],"curies":[{"name":"wp","href":"https:\/\/api.w.org\/{rel}","templated":true}]}}