{"id":81352,"date":"2026-01-26T22:49:12","date_gmt":"2026-01-26T22:49:12","guid":{"rendered":"https:\/\/elterritorialweb.com.ar\/web\/?p=81352"},"modified":"2026-01-26T22:50:50","modified_gmt":"2026-01-26T22:50:50","slug":"la-pena-anoranza-santiaguena-un-clasico-que-late-en-cosquin","status":"publish","type":"post","link":"https:\/\/elterritorialweb.com.ar\/web\/la-pena-anoranza-santiaguena-un-clasico-que-late-en-cosquin\/","title":{"rendered":"LA PE\u00d1A A\u00d1ORANZA SANTIAGUE\u00d1A, UN CL\u00c1SICO QUE LATE EN COSQU\u00cdN"},"content":{"rendered":"\n<p>La <strong>Pe\u00f1a A\u00f1oranza Santiague\u00f1a<\/strong> se ha convertido en un espacio plenamente consolidado dentro de la <strong>ciudad de Cosqu\u00edn<\/strong>, en el <strong>marco del Festival Nacional de Folklore<\/strong>. A\u00f1o tras a\u00f1o, la propuesta reafirma su protagonismo como punto de encuentro de artistas, bailarines y p\u00fablico que celebran la riqueza cultural del norte argentino.<\/p>\n\n\n\n<figure class=\"wp-block-image size-large\"><a href=\"https:\/\/i0.wp.com\/elterritorialweb.com.ar\/web\/wp-content\/uploads\/2026\/01\/1000314555.jpg?ssl=1\"><img data-recalc-dims=\"1\" decoding=\"async\" width=\"640\" height=\"731\" data-src=\"https:\/\/i0.wp.com\/elterritorialweb.com.ar\/web\/wp-content\/uploads\/2026\/01\/1000314555-896x1024.jpg?resize=640%2C731&#038;ssl=1\" alt=\"\" class=\"wp-image-81353 lazyload\" data-srcset=\"https:\/\/i0.wp.com\/elterritorialweb.com.ar\/web\/wp-content\/uploads\/2026\/01\/1000314555.jpg?resize=896%2C1024&amp;ssl=1 896w, https:\/\/i0.wp.com\/elterritorialweb.com.ar\/web\/wp-content\/uploads\/2026\/01\/1000314555.jpg?resize=263%2C300&amp;ssl=1 263w, https:\/\/i0.wp.com\/elterritorialweb.com.ar\/web\/wp-content\/uploads\/2026\/01\/1000314555.jpg?resize=768%2C877&amp;ssl=1 768w, https:\/\/i0.wp.com\/elterritorialweb.com.ar\/web\/wp-content\/uploads\/2026\/01\/1000314555.jpg?resize=1024%2C1170&amp;ssl=1 1024w, https:\/\/i0.wp.com\/elterritorialweb.com.ar\/web\/wp-content\/uploads\/2026\/01\/1000314555.jpg?w=1179&amp;ssl=1 1179w\" data-sizes=\"(max-width: 640px) 100vw, 640px\" src=\"data:image\/svg+xml;base64,PHN2ZyB3aWR0aD0iMSIgaGVpZ2h0PSIxIiB4bWxucz0iaHR0cDovL3d3dy53My5vcmcvMjAwMC9zdmciPjwvc3ZnPg==\" style=\"--smush-placeholder-width: 640px; --smush-placeholder-aspect-ratio: 640\/731;\" \/><\/a><\/figure>\n\n\n\n<p><strong>La pe\u00f1a se desarrolla todas las noches hasta el 1 de febrero en el Club Tiro Federal,<\/strong> ubicado en Avenida San Mart\u00edn 1166, un \u00e1mbito tradicional que cada verano abre sus puertas a este encuentro emblem\u00e1tico. Sobre su escenario confluyen destacados <strong>artistas santiague\u00f1os del folklore<\/strong>, junto a m\u00fasicos nacionales e incluso referentes de otros g\u00e9neros musicales, ampliando el horizonte art\u00edstico de la propuesta.<\/p>\n\n\n\n<figure class=\"wp-block-image size-large\"><a href=\"https:\/\/i0.wp.com\/elterritorialweb.com.ar\/web\/wp-content\/uploads\/2026\/01\/1000314558.jpg?ssl=1\"><img data-recalc-dims=\"1\" decoding=\"async\" width=\"640\" height=\"621\" data-src=\"https:\/\/i0.wp.com\/elterritorialweb.com.ar\/web\/wp-content\/uploads\/2026\/01\/1000314558-1024x994.jpg?resize=640%2C621&#038;ssl=1\" alt=\"\" class=\"wp-image-81354 lazyload\" data-srcset=\"https:\/\/i0.wp.com\/elterritorialweb.com.ar\/web\/wp-content\/uploads\/2026\/01\/1000314558.jpg?resize=1024%2C994&amp;ssl=1 1024w, https:\/\/i0.wp.com\/elterritorialweb.com.ar\/web\/wp-content\/uploads\/2026\/01\/1000314558.jpg?resize=300%2C291&amp;ssl=1 300w, https:\/\/i0.wp.com\/elterritorialweb.com.ar\/web\/wp-content\/uploads\/2026\/01\/1000314558.jpg?resize=768%2C745&amp;ssl=1 768w, https:\/\/i0.wp.com\/elterritorialweb.com.ar\/web\/wp-content\/uploads\/2026\/01\/1000314558.jpg?w=1179&amp;ssl=1 1179w\" data-sizes=\"(max-width: 640px) 100vw, 640px\" src=\"data:image\/svg+xml;base64,PHN2ZyB3aWR0aD0iMSIgaGVpZ2h0PSIxIiB4bWxucz0iaHR0cDovL3d3dy53My5vcmcvMjAwMC9zdmciPjwvc3ZnPg==\" style=\"--smush-placeholder-width: 640px; --smush-placeholder-aspect-ratio: 640\/621;\" \/><\/a><\/figure>\n\n\n\n<p>En cada jornada, el lugar se ve colmado por m\u00fasicos, cuerpos de danza y espectadores que acompa\u00f1an con entusiasmo una iniciativa que pone en valor la identidad santiague\u00f1a y fortalece el intercambio cultural en el coraz\u00f3n del Valle de Punilla. La <strong>Pe\u00f1a A\u00f1oranza Santiague\u00f1a<\/strong> reafirma as\u00ed su rol como expresi\u00f3n viva de las tradiciones y del encuentro fraterno entre culturas.<\/p>\n","protected":false},"excerpt":{"rendered":"<p>El tradicional encuentro folkl\u00f3rico se consolida como un espacio de referencia durante el Festival Nacional de Folklore, celebrando la identidad santiague\u00f1a y el cruce cultural en tierras cordobesas.<\/p>\n","protected":false},"author":2,"featured_media":81342,"comment_status":"open","ping_status":"open","sticky":false,"template":"","format":"standard","meta":{"om_disable_all_campaigns":false,"_monsterinsights_skip_tracking":false,"_monsterinsights_sitenote_active":false,"_monsterinsights_sitenote_note":"","_monsterinsights_sitenote_category":0,"_uf_show_specific_survey":0,"_uf_disable_surveys":false,"jetpack_post_was_ever_published":false,"_jetpack_newsletter_access":"","_jetpack_dont_email_post_to_subs":false,"_jetpack_newsletter_tier_id":0,"_jetpack_memberships_contains_paywalled_content":false,"_jetpack_memberships_contains_paid_content":false,"footnotes":"","jetpack_publicize_message":"","jetpack_publicize_feature_enabled":true,"jetpack_social_post_already_shared":true,"jetpack_social_options":{"image_generator_settings":{"template":"highway","default_image_id":0,"font":"","enabled":false},"version":2}},"categories":[4,20],"tags":[1425],"class_list":["post-81352","post","type-post","status-publish","format-standard","has-post-thumbnail","hentry","category-destacadas","category-especysociales","tag-pena-anoranza-santiaguena"],"aioseo_notices":[],"views":47,"jetpack_publicize_connections":[],"jetpack_featured_media_url":"https:\/\/i0.wp.com\/elterritorialweb.com.ar\/web\/wp-content\/uploads\/2026\/01\/IMG-20260126-WA0000.jpg?fit=1179%2C1218&ssl=1","jetpack_sharing_enabled":true,"_links":{"self":[{"href":"https:\/\/elterritorialweb.com.ar\/web\/wp-json\/wp\/v2\/posts\/81352","targetHints":{"allow":["GET"]}}],"collection":[{"href":"https:\/\/elterritorialweb.com.ar\/web\/wp-json\/wp\/v2\/posts"}],"about":[{"href":"https:\/\/elterritorialweb.com.ar\/web\/wp-json\/wp\/v2\/types\/post"}],"author":[{"embeddable":true,"href":"https:\/\/elterritorialweb.com.ar\/web\/wp-json\/wp\/v2\/users\/2"}],"replies":[{"embeddable":true,"href":"https:\/\/elterritorialweb.com.ar\/web\/wp-json\/wp\/v2\/comments?post=81352"}],"version-history":[{"count":1,"href":"https:\/\/elterritorialweb.com.ar\/web\/wp-json\/wp\/v2\/posts\/81352\/revisions"}],"predecessor-version":[{"id":81355,"href":"https:\/\/elterritorialweb.com.ar\/web\/wp-json\/wp\/v2\/posts\/81352\/revisions\/81355"}],"wp:featuredmedia":[{"embeddable":true,"href":"https:\/\/elterritorialweb.com.ar\/web\/wp-json\/wp\/v2\/media\/81342"}],"wp:attachment":[{"href":"https:\/\/elterritorialweb.com.ar\/web\/wp-json\/wp\/v2\/media?parent=81352"}],"wp:term":[{"taxonomy":"category","embeddable":true,"href":"https:\/\/elterritorialweb.com.ar\/web\/wp-json\/wp\/v2\/categories?post=81352"},{"taxonomy":"post_tag","embeddable":true,"href":"https:\/\/elterritorialweb.com.ar\/web\/wp-json\/wp\/v2\/tags?post=81352"}],"curies":[{"name":"wp","href":"https:\/\/api.w.org\/{rel}","templated":true}]}}