{"id":81359,"date":"2026-01-27T01:32:47","date_gmt":"2026-01-27T01:32:47","guid":{"rendered":"https:\/\/elterritorialweb.com.ar\/web\/?p=81359"},"modified":"2026-01-27T01:32:49","modified_gmt":"2026-01-27T01:32:49","slug":"corte-de-calle-en-3-de-febrero-por-reparacion-de-caneria-de-agua","status":"publish","type":"post","link":"https:\/\/elterritorialweb.com.ar\/web\/corte-de-calle-en-3-de-febrero-por-reparacion-de-caneria-de-agua\/","title":{"rendered":"CORTE DE CALLE EN 3 DE FEBRERO POR REPARACI\u00d3N DE CA\u00d1ER\u00cdA DE AGUA"},"content":{"rendered":"\n<p>La <strong>Direcci\u00f3n de Tr\u00e1nsito de la Municipalidad de la Capital<\/strong> inform\u00f3 que el <strong>martes 27 de enero<\/strong> se llevar\u00e1 a cabo un <strong>corte total de la calle 3 de Febrero, <\/strong>en el tramo comprendido <strong>entre Buenos Aires y Francisco Jacques,<\/strong> debido a trabajos de reparaci\u00f3n de una ca\u00f1er\u00eda de agua.<\/p>\n\n\n\n<p>Las tareas estar\u00e1n a cargo de la empresa distribuidora y la <strong>interrupci\u00f3n del tr\u00e1nsito se har\u00e1 efectiva a partir de las 7 horas<\/strong>, extendi\u00e9ndose hasta la finalizaci\u00f3n de los trabajos de reconstrucci\u00f3n y mantenimiento.<\/p>\n\n\n\n<p>Desde el \u00e1rea municipal se solicita a los conductores circular con precauci\u00f3n, respetar la se\u00f1alizaci\u00f3n dispuesta en el lugar y utilizar v\u00edas alternativas para evitar inconvenientes.<\/p>\n\n\n\n<p><\/p>\n","protected":false},"excerpt":{"rendered":"<p>La interrupci\u00f3n del tr\u00e1nsito ser\u00e1 este martes 27 de enero, entre Buenos Aires y Francisco Jacques, desde las 7 de la ma\u00f1ana.<\/p>\n","protected":false},"author":2,"featured_media":81360,"comment_status":"open","ping_status":"open","sticky":false,"template":"","format":"standard","meta":{"om_disable_all_campaigns":false,"_monsterinsights_skip_tracking":false,"_monsterinsights_sitenote_active":false,"_monsterinsights_sitenote_note":"","_monsterinsights_sitenote_category":0,"_uf_show_specific_survey":0,"_uf_disable_surveys":false,"jetpack_post_was_ever_published":false,"_jetpack_newsletter_access":"","_jetpack_dont_email_post_to_subs":false,"_jetpack_newsletter_tier_id":0,"_jetpack_memberships_contains_paywalled_content":false,"_jetpack_memberships_contains_paid_content":false,"footnotes":"","jetpack_publicize_message":"","jetpack_publicize_feature_enabled":true,"jetpack_social_post_already_shared":true,"jetpack_social_options":{"image_generator_settings":{"template":"highway","default_image_id":0,"font":"","enabled":false},"version":2}},"categories":[4,21],"tags":[1596,73],"class_list":["post-81359","post","type-post","status-publish","format-standard","has-post-thumbnail","hentry","category-destacadas","category-locales","tag-corte-de-calles","tag-municipalidad-de-la-capital"],"aioseo_notices":[],"views":10,"jetpack_publicize_connections":[],"jetpack_featured_media_url":"https:\/\/i0.wp.com\/elterritorialweb.com.ar\/web\/wp-content\/uploads\/2026\/01\/corte-de-calle.jpg?fit=1600%2C1066&ssl=1","jetpack_sharing_enabled":true,"_links":{"self":[{"href":"https:\/\/elterritorialweb.com.ar\/web\/wp-json\/wp\/v2\/posts\/81359","targetHints":{"allow":["GET"]}}],"collection":[{"href":"https:\/\/elterritorialweb.com.ar\/web\/wp-json\/wp\/v2\/posts"}],"about":[{"href":"https:\/\/elterritorialweb.com.ar\/web\/wp-json\/wp\/v2\/types\/post"}],"author":[{"embeddable":true,"href":"https:\/\/elterritorialweb.com.ar\/web\/wp-json\/wp\/v2\/users\/2"}],"replies":[{"embeddable":true,"href":"https:\/\/elterritorialweb.com.ar\/web\/wp-json\/wp\/v2\/comments?post=81359"}],"version-history":[{"count":1,"href":"https:\/\/elterritorialweb.com.ar\/web\/wp-json\/wp\/v2\/posts\/81359\/revisions"}],"predecessor-version":[{"id":81361,"href":"https:\/\/elterritorialweb.com.ar\/web\/wp-json\/wp\/v2\/posts\/81359\/revisions\/81361"}],"wp:featuredmedia":[{"embeddable":true,"href":"https:\/\/elterritorialweb.com.ar\/web\/wp-json\/wp\/v2\/media\/81360"}],"wp:attachment":[{"href":"https:\/\/elterritorialweb.com.ar\/web\/wp-json\/wp\/v2\/media?parent=81359"}],"wp:term":[{"taxonomy":"category","embeddable":true,"href":"https:\/\/elterritorialweb.com.ar\/web\/wp-json\/wp\/v2\/categories?post=81359"},{"taxonomy":"post_tag","embeddable":true,"href":"https:\/\/elterritorialweb.com.ar\/web\/wp-json\/wp\/v2\/tags?post=81359"}],"curies":[{"name":"wp","href":"https:\/\/api.w.org\/{rel}","templated":true}]}}