{"id":81362,"date":"2026-01-27T14:50:57","date_gmt":"2026-01-27T14:50:57","guid":{"rendered":"https:\/\/elterritorialweb.com.ar\/web\/?p=81362"},"modified":"2026-01-27T14:51:00","modified_gmt":"2026-01-27T14:51:00","slug":"la-anmat-prohibio-la-venta-de-una-crema-mentolada-sin-registro-sanitario","status":"publish","type":"post","link":"https:\/\/elterritorialweb.com.ar\/web\/la-anmat-prohibio-la-venta-de-una-crema-mentolada-sin-registro-sanitario\/","title":{"rendered":"LA ANMAT PROHIBI\u00d3 LA VENTA DE UNA CREMA MENTOLADA SIN REGISTRO SANITARIO"},"content":{"rendered":"\n<p>La <strong>Administraci\u00f3n Nacional de Medicamentos, Alimentos y Tecnolog\u00eda M\u00e9dica (ANMAT<\/strong>) dispuso la <strong>prohibici\u00f3n de la venta<\/strong>, distribuci\u00f3n, comercializaci\u00f3n y uso del <strong>ung\u00fcento mentolado \u201cMentisan\u201d <\/strong>en todo el territorio nacional, al comprobar que el producto no cuenta con el registro sanitario correspondiente, requisito indispensable para su circulaci\u00f3n legal en el pa\u00eds.<\/p>\n\n\n\n<p>La disposici\u00f3n, publicada en el <strong>Bolet\u00edn Oficial<\/strong>, establece que el producto no fue sometido a los controles t\u00e9cnicos, cient\u00edficos y administrativos exigidos por la normativa vigente, por lo que no es posible garantizar su calidad, seguridad ni eficacia terap\u00e9utica. En este sentido, el organismo advirti\u00f3 que el uso de productos no registrados puede representar un riesgo para la salud de la poblaci\u00f3n.<\/p>\n\n\n\n<p>Asimismo, la <strong>ANMAT<\/strong> orden\u00f3 el retiro inmediato del mercado de todas las unidades disponibles y solicit\u00f3 a farmacias, droguer\u00edas, comercios y plataformas de venta online que se abstengan de ofrecer el producto. Tambi\u00e9n se inst\u00f3 a los distribuidores y responsables de su comercializaci\u00f3n a adecuarse a la medida dispuesta.<\/p>\n\n\n\n<p>Desde el organismo sanitario nacional recordaron a la comunidad que todo medicamento, ung\u00fcento o producto de uso medicinal debe contar con autorizaci\u00f3n oficial, visible a trav\u00e9s de un n\u00famero de registro, y recomendaron a los usuarios verificar esta informaci\u00f3n antes de adquirirlos.<\/p>\n\n\n\n<p>Finalmente, la <strong>ANMAT<\/strong> reiter\u00f3 la importancia de denunciar la venta de productos ileg\u00edtimos o no registrados y de consultar siempre con profesionales de la salud ante cualquier duda, reafirmando su compromiso con la protecci\u00f3n de la salud p\u00fablica y el control sanitario en todo el pa\u00eds.<\/p>\n","protected":false},"excerpt":{"rendered":"<p>La medida alcanza al producto \u201cMentisan\u201d y fue oficializada en el Bolet\u00edn Oficial, con el objetivo de proteger la salud de los consumidores.<\/p>\n","protected":false},"author":2,"featured_media":81363,"comment_status":"open","ping_status":"open","sticky":false,"template":"","format":"standard","meta":{"om_disable_all_campaigns":false,"_monsterinsights_skip_tracking":false,"_monsterinsights_sitenote_active":false,"_monsterinsights_sitenote_note":"","_monsterinsights_sitenote_category":0,"_uf_show_specific_survey":0,"_uf_disable_surveys":false,"jetpack_post_was_ever_published":false,"_jetpack_newsletter_access":"","_jetpack_dont_email_post_to_subs":false,"_jetpack_newsletter_tier_id":0,"_jetpack_memberships_contains_paywalled_content":false,"_jetpack_memberships_contains_paid_content":false,"footnotes":"","jetpack_publicize_message":"","jetpack_publicize_feature_enabled":true,"jetpack_social_post_already_shared":true,"jetpack_social_options":{"image_generator_settings":{"template":"highway","default_image_id":0,"font":"","enabled":false},"version":2}},"categories":[4,7],"tags":[1597],"class_list":["post-81362","post","type-post","status-publish","format-standard","has-post-thumbnail","hentry","category-destacadas","category-nacionales","tag-administracion-nacional-de-medicamentos"],"aioseo_notices":[],"views":9,"jetpack_publicize_connections":[],"jetpack_featured_media_url":"https:\/\/i0.wp.com\/elterritorialweb.com.ar\/web\/wp-content\/uploads\/2026\/01\/mentisan.jpg?fit=493%2C286&ssl=1","jetpack_sharing_enabled":true,"_links":{"self":[{"href":"https:\/\/elterritorialweb.com.ar\/web\/wp-json\/wp\/v2\/posts\/81362","targetHints":{"allow":["GET"]}}],"collection":[{"href":"https:\/\/elterritorialweb.com.ar\/web\/wp-json\/wp\/v2\/posts"}],"about":[{"href":"https:\/\/elterritorialweb.com.ar\/web\/wp-json\/wp\/v2\/types\/post"}],"author":[{"embeddable":true,"href":"https:\/\/elterritorialweb.com.ar\/web\/wp-json\/wp\/v2\/users\/2"}],"replies":[{"embeddable":true,"href":"https:\/\/elterritorialweb.com.ar\/web\/wp-json\/wp\/v2\/comments?post=81362"}],"version-history":[{"count":1,"href":"https:\/\/elterritorialweb.com.ar\/web\/wp-json\/wp\/v2\/posts\/81362\/revisions"}],"predecessor-version":[{"id":81364,"href":"https:\/\/elterritorialweb.com.ar\/web\/wp-json\/wp\/v2\/posts\/81362\/revisions\/81364"}],"wp:featuredmedia":[{"embeddable":true,"href":"https:\/\/elterritorialweb.com.ar\/web\/wp-json\/wp\/v2\/media\/81363"}],"wp:attachment":[{"href":"https:\/\/elterritorialweb.com.ar\/web\/wp-json\/wp\/v2\/media?parent=81362"}],"wp:term":[{"taxonomy":"category","embeddable":true,"href":"https:\/\/elterritorialweb.com.ar\/web\/wp-json\/wp\/v2\/categories?post=81362"},{"taxonomy":"post_tag","embeddable":true,"href":"https:\/\/elterritorialweb.com.ar\/web\/wp-json\/wp\/v2\/tags?post=81362"}],"curies":[{"name":"wp","href":"https:\/\/api.w.org\/{rel}","templated":true}]}}