{"id":81365,"date":"2026-01-28T04:34:49","date_gmt":"2026-01-28T04:34:49","guid":{"rendered":"https:\/\/elterritorialweb.com.ar\/web\/?p=81365"},"modified":"2026-01-28T04:34:52","modified_gmt":"2026-01-28T04:34:52","slug":"mantenimiento-de-desagues-en-el-parque-aguirre-para-prevenir-inundaciones","status":"publish","type":"post","link":"https:\/\/elterritorialweb.com.ar\/web\/mantenimiento-de-desagues-en-el-parque-aguirre-para-prevenir-inundaciones\/","title":{"rendered":"MANTENIMIENTO DE DESAG\u00dcES EN EL PARQUE AGUIRRE PARA PREVENIR INUNDACIONES"},"content":{"rendered":"\n<p>Con el fin de prevenir anegamientos y mejorar el drenaje pluvial, la <strong>Direcci\u00f3n de Parques y Paseos<\/strong> concret\u00f3 trabajos de <strong>limpieza de desag\u00fces y bocas de tormenta<\/strong> en los distintos sectores del <strong>Parque Aguirre<\/strong>.<\/p>\n\n\n\n<p>Las tareas estuvieron a cargo del personal operativo del \u00e1rea, que realiz\u00f3 la recolecci\u00f3n de hojas, sedimentos y residuos urbanos acumulados, liberando las rejillas de posibles obstrucciones y asegurando su correcto funcionamiento ante jornadas de abundantes precipitaciones.<\/p>\n\n\n\n<p>Desde el organismo municipal indicaron que estos trabajos se desarrollan de manera peri\u00f3dica en el Parque Aguirre, considerado el principal pulm\u00f3n verde de la ciudad, con el objetivo de permitir un flujo r\u00e1pido y seguro del agua de lluvia.<\/p>\n\n\n\n<p>Asimismo, se solicit\u00f3 a la comunidad colaborar con el cuidado del espacio p\u00fablico, evitando arrojar basura en la v\u00eda p\u00fablica, ya que estos residuos terminan obstruyendo los sistemas de desag\u00fce y generan inconvenientes durante las lluvias.<\/p>\n","protected":false},"excerpt":{"rendered":"<p>La Municipalidad llev\u00f3 adelante tareas de limpieza en bocas de tormenta y desag\u00fces del principal pulm\u00f3n verde de la ciudad, con el objetivo de garantizar el correcto escurrimiento del agua durante lluvias intensas.<\/p>\n","protected":false},"author":2,"featured_media":81366,"comment_status":"open","ping_status":"open","sticky":false,"template":"","format":"standard","meta":{"om_disable_all_campaigns":false,"_monsterinsights_skip_tracking":false,"_monsterinsights_sitenote_active":false,"_monsterinsights_sitenote_note":"","_monsterinsights_sitenote_category":0,"_uf_show_specific_survey":0,"_uf_disable_surveys":false,"jetpack_post_was_ever_published":false,"_jetpack_newsletter_access":"","_jetpack_dont_email_post_to_subs":false,"_jetpack_newsletter_tier_id":0,"_jetpack_memberships_contains_paywalled_content":false,"_jetpack_memberships_contains_paid_content":false,"footnotes":"","jetpack_publicize_message":"","jetpack_publicize_feature_enabled":true,"jetpack_social_post_already_shared":true,"jetpack_social_options":{"image_generator_settings":{"template":"highway","default_image_id":0,"font":"","enabled":false},"version":2}},"categories":[4,21],"tags":[1598,73],"class_list":["post-81365","post","type-post","status-publish","format-standard","has-post-thumbnail","hentry","category-destacadas","category-locales","tag-limpieza-de-desagues","tag-municipalidad-de-la-capital"],"aioseo_notices":[],"views":8,"jetpack_publicize_connections":[],"jetpack_featured_media_url":"https:\/\/i0.wp.com\/elterritorialweb.com.ar\/web\/wp-content\/uploads\/2026\/01\/mantenimiento.jpg?fit=1600%2C1200&ssl=1","jetpack_sharing_enabled":true,"_links":{"self":[{"href":"https:\/\/elterritorialweb.com.ar\/web\/wp-json\/wp\/v2\/posts\/81365","targetHints":{"allow":["GET"]}}],"collection":[{"href":"https:\/\/elterritorialweb.com.ar\/web\/wp-json\/wp\/v2\/posts"}],"about":[{"href":"https:\/\/elterritorialweb.com.ar\/web\/wp-json\/wp\/v2\/types\/post"}],"author":[{"embeddable":true,"href":"https:\/\/elterritorialweb.com.ar\/web\/wp-json\/wp\/v2\/users\/2"}],"replies":[{"embeddable":true,"href":"https:\/\/elterritorialweb.com.ar\/web\/wp-json\/wp\/v2\/comments?post=81365"}],"version-history":[{"count":1,"href":"https:\/\/elterritorialweb.com.ar\/web\/wp-json\/wp\/v2\/posts\/81365\/revisions"}],"predecessor-version":[{"id":81367,"href":"https:\/\/elterritorialweb.com.ar\/web\/wp-json\/wp\/v2\/posts\/81365\/revisions\/81367"}],"wp:featuredmedia":[{"embeddable":true,"href":"https:\/\/elterritorialweb.com.ar\/web\/wp-json\/wp\/v2\/media\/81366"}],"wp:attachment":[{"href":"https:\/\/elterritorialweb.com.ar\/web\/wp-json\/wp\/v2\/media?parent=81365"}],"wp:term":[{"taxonomy":"category","embeddable":true,"href":"https:\/\/elterritorialweb.com.ar\/web\/wp-json\/wp\/v2\/categories?post=81365"},{"taxonomy":"post_tag","embeddable":true,"href":"https:\/\/elterritorialweb.com.ar\/web\/wp-json\/wp\/v2\/tags?post=81365"}],"curies":[{"name":"wp","href":"https:\/\/api.w.org\/{rel}","templated":true}]}}