{"id":81402,"date":"2026-01-29T04:17:51","date_gmt":"2026-01-29T04:17:51","guid":{"rendered":"https:\/\/elterritorialweb.com.ar\/web\/?p=81402"},"modified":"2026-01-29T04:17:53","modified_gmt":"2026-01-29T04:17:53","slug":"se-exhibira-el-listado-definitivo-de-orden-de-merito-2026-para-docentes-municipales","status":"publish","type":"post","link":"https:\/\/elterritorialweb.com.ar\/web\/se-exhibira-el-listado-definitivo-de-orden-de-merito-2026-para-docentes-municipales\/","title":{"rendered":"SE EXHIBIR\u00c1 EL LISTADO DEFINITIVO DE ORDEN DE M\u00c9RITO 2026 PARA DOCENTES MUNICIPALES"},"content":{"rendered":"\n<p>La <strong>Junta de Calificaciones y Clasificaciones<\/strong> de la <strong>Municipalidad de la Capital<\/strong> inform\u00f3 que, a partir del <strong>lunes 2 de febrero<\/strong>, se llevar\u00e1 a cabo la exhibici\u00f3n del <strong>listado definitivo de orden de m\u00e9rito <\/strong>correspondiente a la <strong>Inscripci\u00f3n Ordinaria 2026 <\/strong>para Interinatos y Suplencias.<\/p>\n\n\n\n<p>El listado incluye a docentes aspirantes a los cargos de <strong>Maestras de Secci\u00f3n, Profesor\/a de M\u00fasica y Profesor\/a de Educaci\u00f3n F\u00edsica<\/strong>, quienes podr\u00e1n consultar su situaci\u00f3n de manera presencial en las oficinas ubicadas en <strong>Belgrano (N) 800, Block 1, Planta Baja del Complejo Parque Norte.<\/strong> La atenci\u00f3n se realizar\u00e1 de <strong>lunes a viernes, en el horario de 8 a 18.<\/strong><\/p>\n\n\n\n<p>Asimismo, se inform\u00f3 que los docentes inscriptos tambi\u00e9n podr\u00e1n acceder a su puntaje de forma online a trav\u00e9s del sitio oficial del municipio: <a href=\"https:\/\/www.santiagociudad.gov.ar\/educacion\/junta.php\">sistema.santiagociudad.gov.ar\/educacion\/ingreso.php<\/a>, facilitando as\u00ed una consulta \u00e1gil y transparente del orden de m\u00e9rito establecido.<\/p>\n\n\n\n<p><\/p>\n","protected":false},"excerpt":{"rendered":"<p>La consulta presencial y online estar\u00e1 habilitada desde el lunes 2 de febrero para los inscriptos en interinatos y suplencias.<\/p>\n","protected":false},"author":2,"featured_media":81403,"comment_status":"open","ping_status":"open","sticky":false,"template":"","format":"standard","meta":{"om_disable_all_campaigns":false,"_monsterinsights_skip_tracking":false,"_monsterinsights_sitenote_active":false,"_monsterinsights_sitenote_note":"","_monsterinsights_sitenote_category":0,"_uf_show_specific_survey":0,"_uf_disable_surveys":false,"jetpack_post_was_ever_published":false,"_jetpack_newsletter_access":"","_jetpack_dont_email_post_to_subs":false,"_jetpack_newsletter_tier_id":0,"_jetpack_memberships_contains_paywalled_content":false,"_jetpack_memberships_contains_paid_content":false,"footnotes":"","jetpack_publicize_message":"","jetpack_publicize_feature_enabled":true,"jetpack_social_post_already_shared":true,"jetpack_social_options":{"image_generator_settings":{"template":"highway","default_image_id":0,"font":"","enabled":false},"version":2}},"categories":[4,19],"tags":[313,1599],"class_list":["post-81402","post","type-post","status-publish","format-standard","has-post-thumbnail","hentry","category-destacadas","category-educacion","tag-jardines-de-infantes-municipales","tag-orden-de-merito"],"aioseo_notices":[],"views":23,"jetpack_publicize_connections":[],"jetpack_featured_media_url":"https:\/\/i0.wp.com\/elterritorialweb.com.ar\/web\/wp-content\/uploads\/2026\/01\/Educacion-municipalidad.jpg?fit=1600%2C1038&ssl=1","jetpack_sharing_enabled":true,"_links":{"self":[{"href":"https:\/\/elterritorialweb.com.ar\/web\/wp-json\/wp\/v2\/posts\/81402","targetHints":{"allow":["GET"]}}],"collection":[{"href":"https:\/\/elterritorialweb.com.ar\/web\/wp-json\/wp\/v2\/posts"}],"about":[{"href":"https:\/\/elterritorialweb.com.ar\/web\/wp-json\/wp\/v2\/types\/post"}],"author":[{"embeddable":true,"href":"https:\/\/elterritorialweb.com.ar\/web\/wp-json\/wp\/v2\/users\/2"}],"replies":[{"embeddable":true,"href":"https:\/\/elterritorialweb.com.ar\/web\/wp-json\/wp\/v2\/comments?post=81402"}],"version-history":[{"count":1,"href":"https:\/\/elterritorialweb.com.ar\/web\/wp-json\/wp\/v2\/posts\/81402\/revisions"}],"predecessor-version":[{"id":81404,"href":"https:\/\/elterritorialweb.com.ar\/web\/wp-json\/wp\/v2\/posts\/81402\/revisions\/81404"}],"wp:featuredmedia":[{"embeddable":true,"href":"https:\/\/elterritorialweb.com.ar\/web\/wp-json\/wp\/v2\/media\/81403"}],"wp:attachment":[{"href":"https:\/\/elterritorialweb.com.ar\/web\/wp-json\/wp\/v2\/media?parent=81402"}],"wp:term":[{"taxonomy":"category","embeddable":true,"href":"https:\/\/elterritorialweb.com.ar\/web\/wp-json\/wp\/v2\/categories?post=81402"},{"taxonomy":"post_tag","embeddable":true,"href":"https:\/\/elterritorialweb.com.ar\/web\/wp-json\/wp\/v2\/tags?post=81402"}],"curies":[{"name":"wp","href":"https:\/\/api.w.org\/{rel}","templated":true}]}}