{"id":81422,"date":"2026-01-29T15:15:59","date_gmt":"2026-01-29T15:15:59","guid":{"rendered":"https:\/\/elterritorialweb.com.ar\/web\/?p=81422"},"modified":"2026-01-29T15:18:36","modified_gmt":"2026-01-29T15:18:36","slug":"humanidades-impulsa-un-doctorado-con-enfoque-regional-en-ciencias-sociales-y-politicas","status":"publish","type":"post","link":"https:\/\/elterritorialweb.com.ar\/web\/humanidades-impulsa-un-doctorado-con-enfoque-regional-en-ciencias-sociales-y-politicas\/","title":{"rendered":"HUMANIDADES IMPULSA UN DOCTORADO CON ENFOQUE REGIONAL EN CIENCIAS SOCIALES Y POL\u00cdTICAS"},"content":{"rendered":"\n<p>La <strong>Facultad de Humanidades, Ciencias Sociales y de la Salud de la Universidad Nacional de Santiago del Estero <\/strong>inform\u00f3 que contin\u00faan abiertas las <strong>preinscripciones para la cohorte 2026 del Doctorado en Estudios Sociales y Pol\u00edticos Regionales, <\/strong>una oferta de posgrado de car\u00e1cter interinstitucional orientada a la formaci\u00f3n de investigadores y a la producci\u00f3n de conocimiento situado en las realidades del Noroeste Argentino.<\/p>\n\n\n\n<p>Las <strong>preinscripciones estar\u00e1n disponibles hasta el 22 de febrero de 2026<\/strong>. El doctorado se desarrolla a trav\u00e9s de una <strong>red acad\u00e9mica regional con sedes en Catamarca, La Rioja, Santiago del Estero y Tucum\u00e1n<\/strong>, consolidando una propuesta federal de formaci\u00f3n doctoral.<\/p>\n\n\n\n<p>La carrera est\u00e1 destinada a graduados y graduadas de universidades argentinas o extranjeras con <strong>t\u00edtulos de grado de al menos cuatro a\u00f1os de duraci\u00f3n<\/strong>, as\u00ed como tambi\u00e9n a <strong>egresados del nivel superior no universitario con igual carga horaria<\/strong>, pertenecientes a disciplinas afines. En aquellos casos en que la formaci\u00f3n previa no corresponda estrictamente al campo de las ciencias sociales y pol\u00edticas, el Comit\u00e9 Acad\u00e9mico evaluar\u00e1 la trayectoria laboral o formativa del postulante, priorizando su pertinencia con los objetivos del doctorado.<\/p>\n\n\n\n<p>Al referirse a la iniciativa, la decana de la Facultad de Humanidades, Ciencias Sociales y de la Salud, <strong>Sandra Moreira<\/strong>, destac\u00f3 que <em>\u201cel Doctorado en Estudios Sociales y Pol\u00edticos Regionales constituye una herramienta estrat\u00e9gica para la formaci\u00f3n de investigadores e investigadoras capaces de analizar cr\u00edticamente las problem\u00e1ticas sociales, pol\u00edticas y territoriales de nuestra regi\u00f3n, desde una perspectiva situada y comprometida con el desarrollo local y regional\u201d.<\/em><\/p>\n\n\n\n<p>Asimismo, remarc\u00f3 que<em> \u201cesta propuesta interinstitucional refuerza el trabajo articulado entre universidades p\u00fablicas del NOA, ampliando oportunidades de formaci\u00f3n de alto nivel y fortaleciendo el sistema cient\u00edfico-acad\u00e9mico regional\u201d,<\/em> e invit\u00f3 a graduados y graduadas a sumarse a la nueva cohorte.<\/p>\n\n\n\n<p>Las personas interesadas pueden solicitar informaci\u00f3n en las distintas sedes: <strong>Catamarca<\/strong> (<a href=\"mailto:doctoradoenredcatamarca@huma.unca.edu.ar\"><strong>doctoradoenredcatamarca@huma.unca.edu.ar<\/strong><\/a>), <strong>La Rioja<\/strong> (<a href=\"mailto:direccionposgrado.sociales@unlar.edu.ar\"><strong>direccionposgrado.sociales@unlar.edu.ar<\/strong><\/a>), <strong>Santiago del Estero <\/strong>(<strong><a href=\"mailto:doctoradoenred.sde@gmail.com\">doctoradoenred.sde@gmail.com<\/a><\/strong>) y <strong>Tucum\u00e1n<\/strong> (<strong><a href=\"mailto:doctoradoenred.tuc@filo.unt.edu.ar\">doctoradoenred.tuc@filo.unt.edu.ar<\/a><\/strong>).<\/p>\n\n\n\n<p>El <strong>Doctorado en Estudios Sociales y Pol\u00edticos Regionales<\/strong> cuenta con <strong>resoluci\u00f3n de CONEAU<\/strong> y se presenta como una propuesta acad\u00e9mica de excelencia, orientada a la investigaci\u00f3n, la reflexi\u00f3n cr\u00edtica y el aporte a las pol\u00edticas p\u00fablicas desde una mirada regional.<\/p>\n\n\n\n<p><\/p>\n","protected":false},"excerpt":{"rendered":"<p>La propuesta interinstitucional del NOA mantiene abiertas las preinscripciones para la cohorte 2026 y apunta a fortalecer la investigaci\u00f3n con perspectiva situada.<\/p>\n","protected":false},"author":2,"featured_media":81423,"comment_status":"open","ping_status":"open","sticky":false,"template":"","format":"standard","meta":{"om_disable_all_campaigns":false,"_monsterinsights_skip_tracking":false,"_monsterinsights_sitenote_active":false,"_monsterinsights_sitenote_note":"","_monsterinsights_sitenote_category":0,"_uf_show_specific_survey":0,"_uf_disable_surveys":false,"jetpack_post_was_ever_published":false,"_jetpack_newsletter_access":"","_jetpack_dont_email_post_to_subs":false,"_jetpack_newsletter_tier_id":0,"_jetpack_memberships_contains_paywalled_content":false,"_jetpack_memberships_contains_paid_content":false,"footnotes":"","jetpack_publicize_message":"","jetpack_publicize_feature_enabled":true,"jetpack_social_post_already_shared":true,"jetpack_social_options":{"image_generator_settings":{"template":"highway","default_image_id":0,"font":"","enabled":false},"version":2}},"categories":[4,19],"tags":[999,74],"class_list":["post-81422","post","type-post","status-publish","format-standard","has-post-thumbnail","hentry","category-destacadas","category-educacion","tag-facultad-de-humanidades","tag-unse"],"aioseo_notices":[],"views":27,"jetpack_publicize_connections":[],"jetpack_featured_media_url":"https:\/\/i0.wp.com\/elterritorialweb.com.ar\/web\/wp-content\/uploads\/2026\/01\/FachadaHumanidades5.jpg?fit=1339%2C739&ssl=1","jetpack_sharing_enabled":true,"_links":{"self":[{"href":"https:\/\/elterritorialweb.com.ar\/web\/wp-json\/wp\/v2\/posts\/81422","targetHints":{"allow":["GET"]}}],"collection":[{"href":"https:\/\/elterritorialweb.com.ar\/web\/wp-json\/wp\/v2\/posts"}],"about":[{"href":"https:\/\/elterritorialweb.com.ar\/web\/wp-json\/wp\/v2\/types\/post"}],"author":[{"embeddable":true,"href":"https:\/\/elterritorialweb.com.ar\/web\/wp-json\/wp\/v2\/users\/2"}],"replies":[{"embeddable":true,"href":"https:\/\/elterritorialweb.com.ar\/web\/wp-json\/wp\/v2\/comments?post=81422"}],"version-history":[{"count":2,"href":"https:\/\/elterritorialweb.com.ar\/web\/wp-json\/wp\/v2\/posts\/81422\/revisions"}],"predecessor-version":[{"id":81425,"href":"https:\/\/elterritorialweb.com.ar\/web\/wp-json\/wp\/v2\/posts\/81422\/revisions\/81425"}],"wp:featuredmedia":[{"embeddable":true,"href":"https:\/\/elterritorialweb.com.ar\/web\/wp-json\/wp\/v2\/media\/81423"}],"wp:attachment":[{"href":"https:\/\/elterritorialweb.com.ar\/web\/wp-json\/wp\/v2\/media?parent=81422"}],"wp:term":[{"taxonomy":"category","embeddable":true,"href":"https:\/\/elterritorialweb.com.ar\/web\/wp-json\/wp\/v2\/categories?post=81422"},{"taxonomy":"post_tag","embeddable":true,"href":"https:\/\/elterritorialweb.com.ar\/web\/wp-json\/wp\/v2\/tags?post=81422"}],"curies":[{"name":"wp","href":"https:\/\/api.w.org\/{rel}","templated":true}]}}