{"id":81428,"date":"2026-01-29T15:29:51","date_gmt":"2026-01-29T15:29:51","guid":{"rendered":"https:\/\/elterritorialweb.com.ar\/web\/?p=81428"},"modified":"2026-01-29T15:29:53","modified_gmt":"2026-01-29T15:29:53","slug":"santiago-es-tu-rio-presenta-friki-fest-un-encuentro-para-los-mundos-del-universo-geek","status":"publish","type":"post","link":"https:\/\/elterritorialweb.com.ar\/web\/santiago-es-tu-rio-presenta-friki-fest-un-encuentro-para-los-mundos-del-universo-geek\/","title":{"rendered":"SANTIAGO ES TU R\u00cdO PRESENTA \u201cFRIKI FEST\u201d, UN ENCUENTRO PARA LOS MUNDOS DEL UNIVERSO GEEK"},"content":{"rendered":"\n<p>El pr\u00f3ximo <strong>viernes 30 de enero<\/strong>, la ciudad Capital vivir\u00e1 una experiencia diferente con la realizaci\u00f3n de <strong>Santiago es tu R\u00edo Friki Fest<\/strong>, un evento que reunir\u00e1 en un mismo espacio a <strong>fan\u00e1ticos del c\u00f3mic, el manga, el anime, los videojuegos, el cosplay y la cultura geek<\/strong> en general.<\/p>\n\n\n\n<p>La <strong>actividad<\/strong> se desarrollar\u00e1 desde las <strong>19 horas<\/strong> en Avenida Costanera Chacho Lescano y Alsina, en el <strong>predio de Santiago es tu R\u00edo<\/strong>, y contar\u00e1 con una amplia agenda pensada para celebrar la creatividad, la imaginaci\u00f3n y la pasi\u00f3n por este universo cultural que convoca a personas de todas las edades.<\/p>\n\n\n\n<p>Entre las propuestas destacadas habr\u00e1 stands de artistas dibujantes e ilustradores santiague\u00f1os, presencia de cosplayers, emprendedores tem\u00e1ticos, zona gamer y de juegos de mesa, adem\u00e1s de concursos de cosplay con importantes premios. El p\u00fablico tambi\u00e9n podr\u00e1 disfrutar de shows en vivo, con cantantes anisingers, bailarines de k-pop y grupos musicales inspirados en el anime, junto a diversos espacios de participaci\u00f3n abiertos a toda la comunidad.<\/p>\n\n\n\n<figure class=\"wp-block-image size-large\"><a href=\"https:\/\/i0.wp.com\/elterritorialweb.com.ar\/web\/wp-content\/uploads\/2026\/01\/1000317351.jpg?ssl=1\"><img data-recalc-dims=\"1\" decoding=\"async\" width=\"640\" height=\"426\" data-src=\"https:\/\/i0.wp.com\/elterritorialweb.com.ar\/web\/wp-content\/uploads\/2026\/01\/1000317351-1024x682.jpg?resize=640%2C426&#038;ssl=1\" alt=\"\" class=\"wp-image-81429 lazyload\" data-srcset=\"https:\/\/i0.wp.com\/elterritorialweb.com.ar\/web\/wp-content\/uploads\/2026\/01\/1000317351.jpg?resize=1024%2C682&amp;ssl=1 1024w, https:\/\/i0.wp.com\/elterritorialweb.com.ar\/web\/wp-content\/uploads\/2026\/01\/1000317351.jpg?resize=300%2C200&amp;ssl=1 300w, https:\/\/i0.wp.com\/elterritorialweb.com.ar\/web\/wp-content\/uploads\/2026\/01\/1000317351.jpg?resize=768%2C512&amp;ssl=1 768w, https:\/\/i0.wp.com\/elterritorialweb.com.ar\/web\/wp-content\/uploads\/2026\/01\/1000317351.jpg?resize=1536%2C1023&amp;ssl=1 1536w, https:\/\/i0.wp.com\/elterritorialweb.com.ar\/web\/wp-content\/uploads\/2026\/01\/1000317351.jpg?w=1600&amp;ssl=1 1600w, https:\/\/i0.wp.com\/elterritorialweb.com.ar\/web\/wp-content\/uploads\/2026\/01\/1000317351.jpg?w=1280 1280w\" data-sizes=\"(max-width: 640px) 100vw, 640px\" src=\"data:image\/svg+xml;base64,PHN2ZyB3aWR0aD0iMSIgaGVpZ2h0PSIxIiB4bWxucz0iaHR0cDovL3d3dy53My5vcmcvMjAwMC9zdmciPjwvc3ZnPg==\" style=\"--smush-placeholder-width: 640px; --smush-placeholder-aspect-ratio: 640\/426;\" \/><\/a><\/figure>\n\n\n\n<p>El evento es organizado por la <strong>Municipalidad de la Ciudad Capital,<\/strong> a trav\u00e9s de la <strong>Direcci\u00f3n de la Juventud,<\/strong> con la colaboraci\u00f3n de <strong>Facundo Calandra<\/strong> y <strong>Maricel Hoyos<\/strong>, de la productora No Hay Otra. La propuesta busca consolidar un espacio de encuentro para la comunidad, fomentar el intercambio cultural, visibilizar el talento local y acercar la cultura geek a nuevas generaciones.<\/p>\n\n\n\n<p>La <strong>entrada ser\u00e1 libre y gratuita<\/strong>, con el objetivo de que tanto los fan\u00e1ticos hist\u00f3ricos como quienes reci\u00e9n se inician en este mundo puedan disfrutar de una jornada colmada de color, fantas\u00eda y diversi\u00f3n.<\/p>\n\n\n\n<p>Para conocer m\u00e1s detalles y seguir las novedades, se puede consultar el Instagram de Santiago es tu R\u00edo o de No Hay Otra Productora.<\/p>\n\n\n\n<p><\/p>\n","protected":false},"excerpt":{"rendered":"<p>El predio de Santiago es tu R\u00edo ser\u00e1 escenario de una jornada gratuita dedicada al c\u00f3mic, el anime, el manga, los videojuegos y la cultura friki, con propuestas para toda la familia.<\/p>\n","protected":false},"author":2,"featured_media":81430,"comment_status":"open","ping_status":"open","sticky":false,"template":"","format":"standard","meta":{"om_disable_all_campaigns":false,"_monsterinsights_skip_tracking":false,"_monsterinsights_sitenote_active":false,"_monsterinsights_sitenote_note":"","_monsterinsights_sitenote_category":0,"_uf_show_specific_survey":0,"_uf_disable_surveys":false,"jetpack_post_was_ever_published":false,"_jetpack_newsletter_access":"","_jetpack_dont_email_post_to_subs":false,"_jetpack_newsletter_tier_id":0,"_jetpack_memberships_contains_paywalled_content":false,"_jetpack_memberships_contains_paid_content":false,"footnotes":"","jetpack_publicize_message":"","jetpack_publicize_feature_enabled":true,"jetpack_social_post_already_shared":true,"jetpack_social_options":{"image_generator_settings":{"template":"highway","default_image_id":0,"font":"","enabled":false},"version":2}},"categories":[4,21],"tags":[873],"class_list":["post-81428","post","type-post","status-publish","format-standard","has-post-thumbnail","hentry","category-destacadas","category-locales","tag-santiago-es-tu-rio"],"aioseo_notices":[],"views":39,"jetpack_publicize_connections":[],"jetpack_featured_media_url":"https:\/\/i0.wp.com\/elterritorialweb.com.ar\/web\/wp-content\/uploads\/2026\/01\/IMG-20260128-WA0035.jpg?fit=1600%2C1066&ssl=1","jetpack_sharing_enabled":true,"_links":{"self":[{"href":"https:\/\/elterritorialweb.com.ar\/web\/wp-json\/wp\/v2\/posts\/81428","targetHints":{"allow":["GET"]}}],"collection":[{"href":"https:\/\/elterritorialweb.com.ar\/web\/wp-json\/wp\/v2\/posts"}],"about":[{"href":"https:\/\/elterritorialweb.com.ar\/web\/wp-json\/wp\/v2\/types\/post"}],"author":[{"embeddable":true,"href":"https:\/\/elterritorialweb.com.ar\/web\/wp-json\/wp\/v2\/users\/2"}],"replies":[{"embeddable":true,"href":"https:\/\/elterritorialweb.com.ar\/web\/wp-json\/wp\/v2\/comments?post=81428"}],"version-history":[{"count":1,"href":"https:\/\/elterritorialweb.com.ar\/web\/wp-json\/wp\/v2\/posts\/81428\/revisions"}],"predecessor-version":[{"id":81431,"href":"https:\/\/elterritorialweb.com.ar\/web\/wp-json\/wp\/v2\/posts\/81428\/revisions\/81431"}],"wp:featuredmedia":[{"embeddable":true,"href":"https:\/\/elterritorialweb.com.ar\/web\/wp-json\/wp\/v2\/media\/81430"}],"wp:attachment":[{"href":"https:\/\/elterritorialweb.com.ar\/web\/wp-json\/wp\/v2\/media?parent=81428"}],"wp:term":[{"taxonomy":"category","embeddable":true,"href":"https:\/\/elterritorialweb.com.ar\/web\/wp-json\/wp\/v2\/categories?post=81428"},{"taxonomy":"post_tag","embeddable":true,"href":"https:\/\/elterritorialweb.com.ar\/web\/wp-json\/wp\/v2\/tags?post=81428"}],"curies":[{"name":"wp","href":"https:\/\/api.w.org\/{rel}","templated":true}]}}