{"id":81432,"date":"2026-01-29T15:47:02","date_gmt":"2026-01-29T15:47:02","guid":{"rendered":"https:\/\/elterritorialweb.com.ar\/web\/?p=81432"},"modified":"2026-01-29T15:47:03","modified_gmt":"2026-01-29T15:47:03","slug":"continuan-abiertas-las-inscripciones-para-la-colonia-de-vacaciones-2026-en-el-gimnasio-municipal","status":"publish","type":"post","link":"https:\/\/elterritorialweb.com.ar\/web\/continuan-abiertas-las-inscripciones-para-la-colonia-de-vacaciones-2026-en-el-gimnasio-municipal\/","title":{"rendered":"CONTIN\u00daAN ABIERTAS LAS INSCRIPCIONES PARA LA COLONIA DE VACACIONES 2026 EN EL GIMNASIO MUNICIPAL"},"content":{"rendered":"\n<p>La <strong>Colonia de Vacaciones 2026 <\/strong>contin\u00faa desarroll\u00e1ndose con gran \u00e9xito en el <strong>Gimnasio Municipal <\/strong>y mantiene <strong>abiertas las inscripciones<\/strong> para ni\u00f1as y ni\u00f1os de la ciudad, debido a la alta convocatoria registrada desde su inicio.<\/p>\n\n\n\n<p>La iniciativa tiene como <strong>objetivo brindar un espacio de recreaci\u00f3n, contenci\u00f3n y disfrute durante el receso de verano, <\/strong>promoviendo la inclusi\u00f3n, el cuidado integral y h\u00e1bitos saludables en un entorno seguro. La colonia est\u00e1 destinada a <strong>ni\u00f1os y ni\u00f1as de entre 5 y 12 a\u00f1os<\/strong>.<\/p>\n\n\n\n<p>Entre las actividades previstas se incluyen <strong>juegos recreativos, encuentros grupales, conversatorios y el uso del natatorio municipal, <\/strong>generando espacios de socializaci\u00f3n y aprendizaje a trav\u00e9s del deporte y la recreaci\u00f3n.<\/p>\n\n\n\n<p>Desde la organizaci\u00f3n se invit\u00f3 a madres, padres y tutores a acercarse al <strong>Gimnasio Municipal<\/strong> o a la <strong>Direcci\u00f3n de Deportes<\/strong> para realizar las inscripciones, presentando \u00fanicamente el DNI del ni\u00f1o o ni\u00f1a para acreditar la edad. La propuesta es totalmente gratuita y reafirma el compromiso del Municipio de garantizar el acceso igualitario al deporte y la recreaci\u00f3n para la ni\u00f1ez bande\u00f1a.<\/p>\n\n\n\n<p><\/p>\n","protected":false},"excerpt":{"rendered":"<p>La propuesta gratuita est\u00e1 destinada a ni\u00f1os y ni\u00f1as de 5 a 12 a\u00f1os y ofrece actividades recreativas, deportivas y de integraci\u00f3n.<\/p>\n","protected":false},"author":2,"featured_media":81433,"comment_status":"open","ping_status":"open","sticky":false,"template":"","format":"standard","meta":{"om_disable_all_campaigns":false,"_monsterinsights_skip_tracking":false,"_monsterinsights_sitenote_active":false,"_monsterinsights_sitenote_note":"","_monsterinsights_sitenote_category":0,"_uf_show_specific_survey":0,"_uf_disable_surveys":false,"jetpack_post_was_ever_published":false,"_jetpack_newsletter_access":"","_jetpack_dont_email_post_to_subs":false,"_jetpack_newsletter_tier_id":0,"_jetpack_memberships_contains_paywalled_content":false,"_jetpack_memberships_contains_paid_content":false,"footnotes":"","jetpack_publicize_message":"","jetpack_publicize_feature_enabled":true,"jetpack_social_post_already_shared":true,"jetpack_social_options":{"image_generator_settings":{"template":"highway","default_image_id":0,"font":"","enabled":false},"version":2}},"categories":[9,4],"tags":[1586,50],"class_list":["post-81432","post","type-post","status-publish","format-standard","has-post-thumbnail","hentry","category-banda","category-destacadas","tag-colonia-de-vacaciones","tag-la-banda"],"aioseo_notices":[],"views":8,"jetpack_publicize_connections":[],"jetpack_featured_media_url":"https:\/\/i0.wp.com\/elterritorialweb.com.ar\/web\/wp-content\/uploads\/2026\/01\/IMG-20260129-WA0011.jpg?fit=1600%2C1057&ssl=1","jetpack_sharing_enabled":true,"_links":{"self":[{"href":"https:\/\/elterritorialweb.com.ar\/web\/wp-json\/wp\/v2\/posts\/81432","targetHints":{"allow":["GET"]}}],"collection":[{"href":"https:\/\/elterritorialweb.com.ar\/web\/wp-json\/wp\/v2\/posts"}],"about":[{"href":"https:\/\/elterritorialweb.com.ar\/web\/wp-json\/wp\/v2\/types\/post"}],"author":[{"embeddable":true,"href":"https:\/\/elterritorialweb.com.ar\/web\/wp-json\/wp\/v2\/users\/2"}],"replies":[{"embeddable":true,"href":"https:\/\/elterritorialweb.com.ar\/web\/wp-json\/wp\/v2\/comments?post=81432"}],"version-history":[{"count":1,"href":"https:\/\/elterritorialweb.com.ar\/web\/wp-json\/wp\/v2\/posts\/81432\/revisions"}],"predecessor-version":[{"id":81434,"href":"https:\/\/elterritorialweb.com.ar\/web\/wp-json\/wp\/v2\/posts\/81432\/revisions\/81434"}],"wp:featuredmedia":[{"embeddable":true,"href":"https:\/\/elterritorialweb.com.ar\/web\/wp-json\/wp\/v2\/media\/81433"}],"wp:attachment":[{"href":"https:\/\/elterritorialweb.com.ar\/web\/wp-json\/wp\/v2\/media?parent=81432"}],"wp:term":[{"taxonomy":"category","embeddable":true,"href":"https:\/\/elterritorialweb.com.ar\/web\/wp-json\/wp\/v2\/categories?post=81432"},{"taxonomy":"post_tag","embeddable":true,"href":"https:\/\/elterritorialweb.com.ar\/web\/wp-json\/wp\/v2\/tags?post=81432"}],"curies":[{"name":"wp","href":"https:\/\/api.w.org\/{rel}","templated":true}]}}