{"id":81437,"date":"2026-01-29T16:08:48","date_gmt":"2026-01-29T16:08:48","guid":{"rendered":"https:\/\/elterritorialweb.com.ar\/web\/?p=81437"},"modified":"2026-01-29T16:08:50","modified_gmt":"2026-01-29T16:08:50","slug":"frias-impulsa-el-control-poblacional-de-mascotas-con-la-sala-de-castracion","status":"publish","type":"post","link":"https:\/\/elterritorialweb.com.ar\/web\/frias-impulsa-el-control-poblacional-de-mascotas-con-la-sala-de-castracion\/","title":{"rendered":"FR\u00cdAS IMPULSA EL CONTROL POBLACIONAL DE MASCOTAS CON LA SALA DE CASTRACI\u00d3N"},"content":{"rendered":"\n<p>Con el objetivo de mejorar la calidad de vida de las mascotas y fomentar la tenencia responsable, la <strong>Municipalidad de Fr\u00edas<\/strong>, a trav\u00e9s de la Secretar\u00eda de Gobierno, <strong>reabri\u00f3 la Sala de Castraci\u00f3n ubicada en calle Esqui\u00fa 630, barrio Oeste<\/strong>. La iniciativa apunta al control poblacional de animales, tanto en la v\u00eda p\u00fablica como en los hogares, contribuyendo a prevenir el abandono y el crecimiento desmedido de mascotas.<\/p>\n\n\n\n<p>Las <strong>castraciones se realizan de manera gratuita y est\u00e1n a cargo del m\u00e9dico veterinario Carlos Cameranesi.<\/strong> Desde la Secretar\u00eda de Gobierno informaron que el espacio fue completamente refaccionado, con mejoras en su infraestructura edilicia, trabajos de alba\u00f1iler\u00eda y pintura, incorporaci\u00f3n de equipos de aire acondicionado para la correcta climatizaci\u00f3n y la provisi\u00f3n de insumos y elementos necesarios para garantizar cirug\u00edas seguras y de calidad.<\/p>\n\n\n\n<figure class=\"wp-block-image size-large\"><a href=\"https:\/\/i0.wp.com\/elterritorialweb.com.ar\/web\/wp-content\/uploads\/2026\/01\/FB_IMG_1769702785633.jpg\"><img data-recalc-dims=\"1\" decoding=\"async\" width=\"640\" height=\"427\" data-src=\"https:\/\/i0.wp.com\/elterritorialweb.com.ar\/web\/wp-content\/uploads\/2026\/01\/FB_IMG_1769702785633.jpg?resize=640%2C427\" alt=\"\" class=\"wp-image-81439 lazyload\" data-srcset=\"https:\/\/i0.wp.com\/elterritorialweb.com.ar\/web\/wp-content\/uploads\/2026\/01\/FB_IMG_1769702785633.jpg?resize=1024%2C683&amp;ssl=1 1024w, https:\/\/i0.wp.com\/elterritorialweb.com.ar\/web\/wp-content\/uploads\/2026\/01\/FB_IMG_1769702785633.jpg?resize=300%2C200&amp;ssl=1 300w, https:\/\/i0.wp.com\/elterritorialweb.com.ar\/web\/wp-content\/uploads\/2026\/01\/FB_IMG_1769702785633.jpg?resize=768%2C512&amp;ssl=1 768w, https:\/\/i0.wp.com\/elterritorialweb.com.ar\/web\/wp-content\/uploads\/2026\/01\/FB_IMG_1769702785633.jpg?resize=1536%2C1024&amp;ssl=1 1536w, https:\/\/i0.wp.com\/elterritorialweb.com.ar\/web\/wp-content\/uploads\/2026\/01\/FB_IMG_1769702785633.jpg?w=1599&amp;ssl=1 1599w, https:\/\/i0.wp.com\/elterritorialweb.com.ar\/web\/wp-content\/uploads\/2026\/01\/FB_IMG_1769702785633.jpg?w=1280 1280w\" data-sizes=\"(max-width: 640px) 100vw, 640px\" src=\"data:image\/svg+xml;base64,PHN2ZyB3aWR0aD0iMSIgaGVpZ2h0PSIxIiB4bWxucz0iaHR0cDovL3d3dy53My5vcmcvMjAwMC9zdmciPjwvc3ZnPg==\" style=\"--smush-placeholder-width: 640px; --smush-placeholder-aspect-ratio: 640\/427;\" \/><\/a><\/figure>\n\n\n\n<p>Asimismo, se indic\u00f3 que la <strong>atenci\u00f3n al p\u00fablico<\/strong> para consultas y solicitud de turnos se lleva a cabo de lunes a viernes, de 8 a 12 horas. En tanto, las castraciones de perros y gatos, tanto machos como hembras, se realizan los d\u00edas mi\u00e9rcoles y jueves, en el mismo horario.<\/p>\n\n\n\n<p>Esta acci\u00f3n se enmarca en las pol\u00edticas p\u00fablicas impulsadas por la gesti\u00f3n del intendente N\u00e9stor Humberto Salim, orientadas a fortalecer la salud animal, el bienestar comunitario y el compromiso con un desarrollo m\u00e1s ordenado y responsable.<br><\/p>\n\n\n\n<p><\/p>\n","protected":false},"excerpt":{"rendered":"<p>El espacio fue reabierto tras una refacci\u00f3n integral y brinda castraciones gratuitas para perros y gatos, promoviendo el cuidado responsable y la salud animal.<\/p>\n","protected":false},"author":2,"featured_media":81438,"comment_status":"open","ping_status":"open","sticky":false,"template":"","format":"standard","meta":{"om_disable_all_campaigns":false,"_monsterinsights_skip_tracking":false,"_monsterinsights_sitenote_active":false,"_monsterinsights_sitenote_note":"","_monsterinsights_sitenote_category":0,"_uf_show_specific_survey":0,"_uf_disable_surveys":false,"jetpack_post_was_ever_published":false,"_jetpack_newsletter_access":"","_jetpack_dont_email_post_to_subs":false,"_jetpack_newsletter_tier_id":0,"_jetpack_memberships_contains_paywalled_content":false,"_jetpack_memberships_contains_paid_content":false,"footnotes":"","jetpack_publicize_message":"","jetpack_publicize_feature_enabled":true,"jetpack_social_post_already_shared":true,"jetpack_social_options":{"image_generator_settings":{"template":"highway","default_image_id":0,"font":"","enabled":false},"version":2}},"categories":[4,35],"tags":[173,160],"class_list":["post-81437","post","type-post","status-publish","format-standard","has-post-thumbnail","hentry","category-destacadas","category-interior","tag-castraciones","tag-municipalidad-de-frias"],"aioseo_notices":[],"views":18,"jetpack_publicize_connections":[],"jetpack_featured_media_url":"https:\/\/i0.wp.com\/elterritorialweb.com.ar\/web\/wp-content\/uploads\/2026\/01\/FB_IMG_1769702760570.jpg?fit=1599%2C1066&ssl=1","jetpack_sharing_enabled":true,"_links":{"self":[{"href":"https:\/\/elterritorialweb.com.ar\/web\/wp-json\/wp\/v2\/posts\/81437","targetHints":{"allow":["GET"]}}],"collection":[{"href":"https:\/\/elterritorialweb.com.ar\/web\/wp-json\/wp\/v2\/posts"}],"about":[{"href":"https:\/\/elterritorialweb.com.ar\/web\/wp-json\/wp\/v2\/types\/post"}],"author":[{"embeddable":true,"href":"https:\/\/elterritorialweb.com.ar\/web\/wp-json\/wp\/v2\/users\/2"}],"replies":[{"embeddable":true,"href":"https:\/\/elterritorialweb.com.ar\/web\/wp-json\/wp\/v2\/comments?post=81437"}],"version-history":[{"count":1,"href":"https:\/\/elterritorialweb.com.ar\/web\/wp-json\/wp\/v2\/posts\/81437\/revisions"}],"predecessor-version":[{"id":81441,"href":"https:\/\/elterritorialweb.com.ar\/web\/wp-json\/wp\/v2\/posts\/81437\/revisions\/81441"}],"wp:featuredmedia":[{"embeddable":true,"href":"https:\/\/elterritorialweb.com.ar\/web\/wp-json\/wp\/v2\/media\/81438"}],"wp:attachment":[{"href":"https:\/\/elterritorialweb.com.ar\/web\/wp-json\/wp\/v2\/media?parent=81437"}],"wp:term":[{"taxonomy":"category","embeddable":true,"href":"https:\/\/elterritorialweb.com.ar\/web\/wp-json\/wp\/v2\/categories?post=81437"},{"taxonomy":"post_tag","embeddable":true,"href":"https:\/\/elterritorialweb.com.ar\/web\/wp-json\/wp\/v2\/tags?post=81437"}],"curies":[{"name":"wp","href":"https:\/\/api.w.org\/{rel}","templated":true}]}}