{"id":81445,"date":"2026-01-30T17:32:25","date_gmt":"2026-01-30T17:32:25","guid":{"rendered":"https:\/\/elterritorialweb.com.ar\/web\/?p=81445"},"modified":"2026-01-30T17:32:27","modified_gmt":"2026-01-30T17:32:27","slug":"el-gobierno-reforzo-las-medidas-de-control-y-prevencion-por-la-crecida-del-rio-dulce-y-las-lluvias-en-el-sudeste-santiagueno","status":"publish","type":"post","link":"https:\/\/elterritorialweb.com.ar\/web\/el-gobierno-reforzo-las-medidas-de-control-y-prevencion-por-la-crecida-del-rio-dulce-y-las-lluvias-en-el-sudeste-santiagueno\/","title":{"rendered":"EL GOBIERNO REFORZ\u00d3 LAS MEDIDAS DE CONTROL Y PREVENCI\u00d3N POR LA CRECIDA DEL R\u00cdO DULCE Y LAS LLUVIAS EN EL SUDESTE SANTIAGUE\u00d1O"},"content":{"rendered":"\n<p>Ante el importante incremento del caudal del r\u00edo Dulce, producto de las persistentes lluvias registradas en la provincia de Tucum\u00e1n, el Gobierno de Santiago del Estero mantiene un monitoreo permanente del cauce e intensific\u00f3 las medidas preventivas en la ciudad Capital y en las distintas poblaciones ribere\u00f1as a lo largo del territorio provincial.<\/p>\n\n\n\n<p>De manera simult\u00e1nea, en los departamentos Belgrano y Taboada se ejecutan trabajos destinados a reducir los perjuicios ocasionados por las abundantes precipitaciones de los \u00faltimos d\u00edas, tanto en las familias como en el sector productivo de la regi\u00f3n.<\/p>\n\n\n\n<p>El gobernador El\u00edas Su\u00e1rez sigue de cerca la evoluci\u00f3n de la situaci\u00f3n y dispuso una serie de acciones preventivas en el sudeste provincial y en toda la traza del r\u00edo Dulce, con vigilancia permanente durante las 24 horas para permitir una respuesta inmediata ante cualquier eventualidad.<\/p>\n\n\n\n<p>En este marco, se instruy\u00f3 a todas las \u00e1reas de Gobierno vinculadas a la emergencia h\u00eddrica, que trabajan de manera articulada junto a los municipios en los sectores considerados de riesgo. Como parte de este despliegue, se destinaron maquinarias y personal especializado para la limpieza y excavaci\u00f3n de drenajes en distintos puntos de la provincia.<\/p>\n\n\n\n<figure class=\"wp-block-image size-large\"><a href=\"https:\/\/i0.wp.com\/elterritorialweb.com.ar\/web\/wp-content\/uploads\/2026\/01\/IMG-20260130-WA0019.jpg\"><img data-recalc-dims=\"1\" decoding=\"async\" width=\"640\" height=\"360\" data-src=\"https:\/\/i0.wp.com\/elterritorialweb.com.ar\/web\/wp-content\/uploads\/2026\/01\/IMG-20260130-WA0019.jpg?resize=640%2C360\" alt=\"\" class=\"wp-image-81447 lazyload\" data-srcset=\"https:\/\/i0.wp.com\/elterritorialweb.com.ar\/web\/wp-content\/uploads\/2026\/01\/IMG-20260130-WA0019.jpg?resize=1024%2C576&amp;ssl=1 1024w, https:\/\/i0.wp.com\/elterritorialweb.com.ar\/web\/wp-content\/uploads\/2026\/01\/IMG-20260130-WA0019.jpg?resize=300%2C169&amp;ssl=1 300w, https:\/\/i0.wp.com\/elterritorialweb.com.ar\/web\/wp-content\/uploads\/2026\/01\/IMG-20260130-WA0019.jpg?resize=768%2C432&amp;ssl=1 768w, https:\/\/i0.wp.com\/elterritorialweb.com.ar\/web\/wp-content\/uploads\/2026\/01\/IMG-20260130-WA0019.jpg?resize=1536%2C864&amp;ssl=1 1536w, https:\/\/i0.wp.com\/elterritorialweb.com.ar\/web\/wp-content\/uploads\/2026\/01\/IMG-20260130-WA0019.jpg?w=1600&amp;ssl=1 1600w, https:\/\/i0.wp.com\/elterritorialweb.com.ar\/web\/wp-content\/uploads\/2026\/01\/IMG-20260130-WA0019.jpg?w=1280 1280w\" data-sizes=\"(max-width: 640px) 100vw, 640px\" src=\"data:image\/svg+xml;base64,PHN2ZyB3aWR0aD0iMSIgaGVpZ2h0PSIxIiB4bWxucz0iaHR0cDovL3d3dy53My5vcmcvMjAwMC9zdmciPjwvc3ZnPg==\" style=\"--smush-placeholder-width: 640px; --smush-placeholder-aspect-ratio: 640\/360;\" \/><\/a><\/figure>\n\n\n\n<p>En la ciudad de A\u00f1atuya, departamento Taboada, se trabaja con una retroexcavadora para ampliar la capacidad de los canales circundantes y optimizar su funcionamiento. Asimismo, sobre la ruta provincial N\u00ba 92, en los puentes del r\u00edo Saladillo del Rosario, se reforzaron los bordes y se construyeron gaviones para contener la crecida.<\/p>\n\n\n\n<p>De igual manera, se ejecutaron defensas en instituciones educativas ubicadas a la vera de la ruta 92, en las localidades de Yacurmana y El Candelario. En tanto, en las zonas de Bandera y Guardia Escolta, departamento Belgrano, se movilizaron retroexcavadoras para la limpieza y ampliaci\u00f3n de canales de drenaje en un tramo aproximado de 25 kil\u00f3metros, lo que permitir\u00e1 facilitar el escurrimiento del agua en \u00e1reas productivas afectadas.<\/p>\n\n\n\n<p>Tambi\u00e9n se enviaron maquinarias al departamento Jim\u00e9nez, donde se reforzar\u00e1n defensas en las localidades de El Arenal y Fisco de F\u00e1tima, mientras que en el departamento Salavina se adoptar\u00e1n medidas de contenci\u00f3n del caudal del r\u00edo Dulce en la zona de Paso de la Cina.<\/p>\n\n\n\n<p><strong>Ciudad Capital<\/strong><\/p>\n\n\n\n<p>En la ciudad Capital se desarrollan trabajos de intervenci\u00f3n mec\u00e1nica reconstructiva en la desembocadura del Canal de Desag\u00fce Principal Sur, con el objetivo de evitar el ingreso de agua del r\u00edo Dulce mediante la construcci\u00f3n de un bordo frontal o tap\u00f3n. De forma complementaria, se avanza en la reconstrucci\u00f3n de un bordo lateral en la margen derecha del canal para prevenir posibles desbordes hacia el barrio Parque del R\u00edo V y zonas aleda\u00f1as.<\/p>\n\n\n\n<p>Las tareas incluyen la construcci\u00f3n y restituci\u00f3n de bordos con maquinaria pesada, entre ellas una retroexcavadora sobre orugas, dos palas cargadoras frontales y once camiones batea que transportan suelo desde canteras. Adem\u00e1s, para el dragado de las \u00e1reas afectadas por desbordes se utilizan tres equipos de bombeo de gran caudal, dos motobombas aut\u00f3nomas tipo arrocera y una con asistencia mec\u00e1nica de tractor, en un trabajo conjunto con la Municipalidad de la Capital.<br>Si quer\u00e9s, puedo ajustar el largo, hacer una versi\u00f3n m\u00e1s corta para web o redes, o adaptarla al estilo de un medio espec\u00edfico.<\/p>\n\n\n\n<p><\/p>\n","protected":false},"excerpt":{"rendered":"<p>Ante el aumento del caudal del r\u00edo Dulce y las intensas precipitaciones registradas en los \u00faltimos d\u00edas, se intensificaron las tareas de monitoreo, prevenci\u00f3n y asistencia en distintos puntos de la provincia para reducir el impacto en la poblaci\u00f3n y el sector productivo.<\/p>\n","protected":false},"author":2,"featured_media":81446,"comment_status":"open","ping_status":"open","sticky":false,"template":"","format":"standard","meta":{"om_disable_all_campaigns":false,"_monsterinsights_skip_tracking":false,"_monsterinsights_sitenote_active":false,"_monsterinsights_sitenote_note":"","_monsterinsights_sitenote_category":0,"_uf_show_specific_survey":0,"_uf_disable_surveys":false,"jetpack_post_was_ever_published":false,"_jetpack_newsletter_access":"","_jetpack_dont_email_post_to_subs":false,"_jetpack_newsletter_tier_id":0,"_jetpack_memberships_contains_paywalled_content":false,"_jetpack_memberships_contains_paid_content":false,"footnotes":"","jetpack_publicize_message":"","jetpack_publicize_feature_enabled":true,"jetpack_social_post_already_shared":true,"jetpack_social_options":{"image_generator_settings":{"template":"highway","default_image_id":0,"font":"","enabled":false},"version":2}},"categories":[4,21],"tags":[1602,49],"class_list":["post-81445","post","type-post","status-publish","format-standard","has-post-thumbnail","hentry","category-destacadas","category-locales","tag-cauce-del-rio-dulce","tag-gobierno-de-santiago-del-estero"],"aioseo_notices":[],"views":18,"jetpack_publicize_connections":[],"jetpack_featured_media_url":"https:\/\/i0.wp.com\/elterritorialweb.com.ar\/web\/wp-content\/uploads\/2026\/01\/IMG-20260130-WA0020.jpg?fit=1600%2C1200&ssl=1","jetpack_sharing_enabled":true,"_links":{"self":[{"href":"https:\/\/elterritorialweb.com.ar\/web\/wp-json\/wp\/v2\/posts\/81445","targetHints":{"allow":["GET"]}}],"collection":[{"href":"https:\/\/elterritorialweb.com.ar\/web\/wp-json\/wp\/v2\/posts"}],"about":[{"href":"https:\/\/elterritorialweb.com.ar\/web\/wp-json\/wp\/v2\/types\/post"}],"author":[{"embeddable":true,"href":"https:\/\/elterritorialweb.com.ar\/web\/wp-json\/wp\/v2\/users\/2"}],"replies":[{"embeddable":true,"href":"https:\/\/elterritorialweb.com.ar\/web\/wp-json\/wp\/v2\/comments?post=81445"}],"version-history":[{"count":1,"href":"https:\/\/elterritorialweb.com.ar\/web\/wp-json\/wp\/v2\/posts\/81445\/revisions"}],"predecessor-version":[{"id":81448,"href":"https:\/\/elterritorialweb.com.ar\/web\/wp-json\/wp\/v2\/posts\/81445\/revisions\/81448"}],"wp:featuredmedia":[{"embeddable":true,"href":"https:\/\/elterritorialweb.com.ar\/web\/wp-json\/wp\/v2\/media\/81446"}],"wp:attachment":[{"href":"https:\/\/elterritorialweb.com.ar\/web\/wp-json\/wp\/v2\/media?parent=81445"}],"wp:term":[{"taxonomy":"category","embeddable":true,"href":"https:\/\/elterritorialweb.com.ar\/web\/wp-json\/wp\/v2\/categories?post=81445"},{"taxonomy":"post_tag","embeddable":true,"href":"https:\/\/elterritorialweb.com.ar\/web\/wp-json\/wp\/v2\/tags?post=81445"}],"curies":[{"name":"wp","href":"https:\/\/api.w.org\/{rel}","templated":true}]}}