{"id":81450,"date":"2026-01-31T19:20:28","date_gmt":"2026-01-31T19:20:28","guid":{"rendered":"https:\/\/elterritorialweb.com.ar\/web\/?p=81450"},"modified":"2026-01-31T19:20:30","modified_gmt":"2026-01-31T19:20:30","slug":"mitre-se-impuso-ante-guemes-en-un-amistoso-de-pretemporada","status":"publish","type":"post","link":"https:\/\/elterritorialweb.com.ar\/web\/mitre-se-impuso-ante-guemes-en-un-amistoso-de-pretemporada\/","title":{"rendered":"MITRE SE IMPUSO ANTE G\u00dcEMES EN UN AMISTOSO DE PRETEMPORADA"},"content":{"rendered":"\n<p>En el marco de su preparaci\u00f3n para el Torneo de la <strong>Primera Nacional 2026<\/strong>, el <strong>Club Atl\u00e9tico Mitre<\/strong> disput\u00f3 este s\u00e1bado su <strong>cuarto amistoso<\/strong> de pretemporada y logr\u00f3 dos victorias frente al <strong>Club Atl\u00e9tico G\u00fcemes, <\/strong>en partidos jugados en la ma\u00f1ana en el <strong>estadio Arturo Jiya Miranda<\/strong>.<\/p>\n\n\n\n<p>La jornada se desarroll\u00f3 con <strong>dos encuentros<\/strong>, cada uno compuesto por dos tiempos de <strong>35 minutos<\/strong>. En el <strong>primer cotejo, Mitre se impuso por 1 a 0 <\/strong>gracias a un gol en contra de Emilio Lazza, a los 28 minutos del segundo tiempo. En el segundo partido, el conjunto local volvi\u00f3 a quedarse con el triunfo por el mismo marcador, con un tanto en contra de Gianfranco Lillo a los 8 minutos de la primera etapa.<\/p>\n\n\n\n<figure class=\"wp-block-image size-large\"><a href=\"https:\/\/i0.wp.com\/elterritorialweb.com.ar\/web\/wp-content\/uploads\/2026\/01\/IMG-20260131-WA0013.jpg\"><img data-recalc-dims=\"1\" decoding=\"async\" width=\"640\" height=\"426\" data-src=\"https:\/\/i0.wp.com\/elterritorialweb.com.ar\/web\/wp-content\/uploads\/2026\/01\/IMG-20260131-WA0013.jpg?resize=640%2C426\" alt=\"\" class=\"wp-image-81452 lazyload\" data-srcset=\"https:\/\/i0.wp.com\/elterritorialweb.com.ar\/web\/wp-content\/uploads\/2026\/01\/IMG-20260131-WA0013.jpg?resize=1024%2C682&amp;ssl=1 1024w, https:\/\/i0.wp.com\/elterritorialweb.com.ar\/web\/wp-content\/uploads\/2026\/01\/IMG-20260131-WA0013.jpg?resize=300%2C200&amp;ssl=1 300w, https:\/\/i0.wp.com\/elterritorialweb.com.ar\/web\/wp-content\/uploads\/2026\/01\/IMG-20260131-WA0013.jpg?resize=768%2C512&amp;ssl=1 768w, https:\/\/i0.wp.com\/elterritorialweb.com.ar\/web\/wp-content\/uploads\/2026\/01\/IMG-20260131-WA0013.jpg?resize=1536%2C1023&amp;ssl=1 1536w, https:\/\/i0.wp.com\/elterritorialweb.com.ar\/web\/wp-content\/uploads\/2026\/01\/IMG-20260131-WA0013.jpg?w=1600&amp;ssl=1 1600w, https:\/\/i0.wp.com\/elterritorialweb.com.ar\/web\/wp-content\/uploads\/2026\/01\/IMG-20260131-WA0013.jpg?w=1280 1280w\" data-sizes=\"(max-width: 640px) 100vw, 640px\" src=\"data:image\/svg+xml;base64,PHN2ZyB3aWR0aD0iMSIgaGVpZ2h0PSIxIiB4bWxucz0iaHR0cDovL3d3dy53My5vcmcvMjAwMC9zdmciPjwvc3ZnPg==\" style=\"--smush-placeholder-width: 640px; --smush-placeholder-aspect-ratio: 640\/426;\" \/><\/a><\/figure>\n\n\n\n<p>En el primer enfrentamiento, el equipo dirigido por <strong>Carlos Mayor<\/strong> form\u00f3 con <strong>Ignacio Pietrobono; Pablo Minissale, Mart\u00edn Rodr\u00edguez, Mart\u00edn V\u00e1zquez, Mateo Montenegro; Thiago Ferreira, Rodrigo Gonz\u00e1lez, Maximiliano Romero; Gustavo Fern\u00e1ndez, Marcos Machado y Franco Ferrari<\/strong>. G\u00fcemes, bajo la conducci\u00f3n t\u00e9cnica de <strong>Juan Vita<\/strong>, aline\u00f3 a <strong>Leandro Finochetto; Tom\u00e1s Onetto, Marcelo Ben\u00edtez, Axel Bord\u00f3n, Gianfranco Baier; Emilio Lazza, David Veliz, Franco Berges; Thomas Amilivia, Milton Gerez y Santiago Sala.<\/strong><\/p>\n\n\n\n<p>Para el segundo encuentro, <strong>Mitre<\/strong> present\u00f3 un once alternativo integrado por <strong>Joaqu\u00edn Ledesma; Gianfranco Lillo, Luciano Correa, Braian Mieres, Juan Alesandroni; Daniel Abello, Claudio Salto, Alan L\u00f3pez; Juan Pablo Z\u00e1rate, Santiago Rosales y Enzo Avaro. <\/strong>En tanto, <strong>G\u00fcemes<\/strong> form\u00f3 con <strong>Laureno Mart\u00ednez; Walter Ju\u00e1rez, Facundo Melill\u00e1n, Rodrigo Arnay, Nicol\u00e1s Ju\u00e1rez; Oscar Vanegas, Santiago Farrera, Gast\u00f3n Esp\u00f3sito; Juan Mendoza, Maico Quiroz y Gianluca Pugliese.<\/strong><\/p>\n\n\n\n<figure class=\"wp-block-image size-large\"><a href=\"https:\/\/i0.wp.com\/elterritorialweb.com.ar\/web\/wp-content\/uploads\/2026\/01\/IMG-20260131-WA0010.jpg\"><img data-recalc-dims=\"1\" decoding=\"async\" width=\"640\" height=\"426\" data-src=\"https:\/\/i0.wp.com\/elterritorialweb.com.ar\/web\/wp-content\/uploads\/2026\/01\/IMG-20260131-WA0010.jpg?resize=640%2C426\" alt=\"\" class=\"wp-image-81453 lazyload\" data-srcset=\"https:\/\/i0.wp.com\/elterritorialweb.com.ar\/web\/wp-content\/uploads\/2026\/01\/IMG-20260131-WA0010.jpg?resize=1024%2C682&amp;ssl=1 1024w, https:\/\/i0.wp.com\/elterritorialweb.com.ar\/web\/wp-content\/uploads\/2026\/01\/IMG-20260131-WA0010.jpg?resize=300%2C200&amp;ssl=1 300w, https:\/\/i0.wp.com\/elterritorialweb.com.ar\/web\/wp-content\/uploads\/2026\/01\/IMG-20260131-WA0010.jpg?resize=768%2C512&amp;ssl=1 768w, https:\/\/i0.wp.com\/elterritorialweb.com.ar\/web\/wp-content\/uploads\/2026\/01\/IMG-20260131-WA0010.jpg?resize=1536%2C1023&amp;ssl=1 1536w, https:\/\/i0.wp.com\/elterritorialweb.com.ar\/web\/wp-content\/uploads\/2026\/01\/IMG-20260131-WA0010.jpg?w=1600&amp;ssl=1 1600w, https:\/\/i0.wp.com\/elterritorialweb.com.ar\/web\/wp-content\/uploads\/2026\/01\/IMG-20260131-WA0010.jpg?w=1280 1280w\" data-sizes=\"(max-width: 640px) 100vw, 640px\" src=\"data:image\/svg+xml;base64,PHN2ZyB3aWR0aD0iMSIgaGVpZ2h0PSIxIiB4bWxucz0iaHR0cDovL3d3dy53My5vcmcvMjAwMC9zdmciPjwvc3ZnPg==\" style=\"--smush-placeholder-width: 640px; --smush-placeholder-aspect-ratio: 640\/426;\" \/><\/a><\/figure>\n\n\n\n<p>El amistoso se disput\u00f3 el s\u00e1bado 31 de enero desde las 10:00 horas, con el <strong>arbitraje de Franco Rodr\u00edguez<\/strong>, acompa\u00f1ado por <strong>Mat\u00edas Celiz y Exequiel Celiz <\/strong>como asistentes. Ambos equipos contin\u00faan ajustando detalles de cara al inicio oficial de la competencia.<\/p>\n\n\n\n<p><\/p>\n","protected":false},"excerpt":{"rendered":"<p>El Aurinegro gan\u00f3 ambos encuentros disputados en el estadio Arturo Jiya Miranda, en una nueva prueba de preparaci\u00f3n rumbo al inicio de la Primera Nacional 2026.<\/p>\n","protected":false},"author":2,"featured_media":81451,"comment_status":"open","ping_status":"open","sticky":false,"template":"","format":"standard","meta":{"om_disable_all_campaigns":false,"_monsterinsights_skip_tracking":false,"_monsterinsights_sitenote_active":false,"_monsterinsights_sitenote_note":"","_monsterinsights_sitenote_category":0,"_uf_show_specific_survey":0,"_uf_disable_surveys":false,"jetpack_post_was_ever_published":false,"_jetpack_newsletter_access":"","_jetpack_dont_email_post_to_subs":false,"_jetpack_newsletter_tier_id":0,"_jetpack_memberships_contains_paywalled_content":false,"_jetpack_memberships_contains_paid_content":false,"footnotes":"","jetpack_publicize_message":"","jetpack_publicize_feature_enabled":true,"jetpack_social_post_already_shared":true,"jetpack_social_options":{"image_generator_settings":{"template":"highway","default_image_id":0,"font":"","enabled":false},"version":2}},"categories":[6,4],"tags":[818,102,94],"class_list":["post-81450","post","type-post","status-publish","format-standard","has-post-thumbnail","hentry","category-deportes","category-destacadas","tag-club-atletico-guemes","tag-club-atletico-mitre","tag-primera-nacional"],"aioseo_notices":[],"views":18,"jetpack_publicize_connections":[],"jetpack_featured_media_url":"https:\/\/i0.wp.com\/elterritorialweb.com.ar\/web\/wp-content\/uploads\/2026\/01\/IMG-20260131-WA0015.jpg?fit=1392%2C928&ssl=1","jetpack_sharing_enabled":true,"_links":{"self":[{"href":"https:\/\/elterritorialweb.com.ar\/web\/wp-json\/wp\/v2\/posts\/81450","targetHints":{"allow":["GET"]}}],"collection":[{"href":"https:\/\/elterritorialweb.com.ar\/web\/wp-json\/wp\/v2\/posts"}],"about":[{"href":"https:\/\/elterritorialweb.com.ar\/web\/wp-json\/wp\/v2\/types\/post"}],"author":[{"embeddable":true,"href":"https:\/\/elterritorialweb.com.ar\/web\/wp-json\/wp\/v2\/users\/2"}],"replies":[{"embeddable":true,"href":"https:\/\/elterritorialweb.com.ar\/web\/wp-json\/wp\/v2\/comments?post=81450"}],"version-history":[{"count":1,"href":"https:\/\/elterritorialweb.com.ar\/web\/wp-json\/wp\/v2\/posts\/81450\/revisions"}],"predecessor-version":[{"id":81454,"href":"https:\/\/elterritorialweb.com.ar\/web\/wp-json\/wp\/v2\/posts\/81450\/revisions\/81454"}],"wp:featuredmedia":[{"embeddable":true,"href":"https:\/\/elterritorialweb.com.ar\/web\/wp-json\/wp\/v2\/media\/81451"}],"wp:attachment":[{"href":"https:\/\/elterritorialweb.com.ar\/web\/wp-json\/wp\/v2\/media?parent=81450"}],"wp:term":[{"taxonomy":"category","embeddable":true,"href":"https:\/\/elterritorialweb.com.ar\/web\/wp-json\/wp\/v2\/categories?post=81450"},{"taxonomy":"post_tag","embeddable":true,"href":"https:\/\/elterritorialweb.com.ar\/web\/wp-json\/wp\/v2\/tags?post=81450"}],"curies":[{"name":"wp","href":"https:\/\/api.w.org\/{rel}","templated":true}]}}