{"id":81503,"date":"2026-02-04T13:37:42","date_gmt":"2026-02-04T13:37:42","guid":{"rendered":"https:\/\/elterritorialweb.com.ar\/web\/?p=81503"},"modified":"2026-02-04T13:37:44","modified_gmt":"2026-02-04T13:37:44","slug":"humanidades-lanza-un-trayecto-pedagogico-para-la-practica-de-la-ensenanza-en-el-nivel-superior","status":"publish","type":"post","link":"https:\/\/elterritorialweb.com.ar\/web\/humanidades-lanza-un-trayecto-pedagogico-para-la-practica-de-la-ensenanza-en-el-nivel-superior\/","title":{"rendered":"HUMANIDADES LANZA UN TRAYECTO PEDAG\u00d3GICO PARA LA PR\u00c1CTICA DE LA ENSE\u00d1ANZA EN EL NIVEL SUPERIOR"},"content":{"rendered":"\n<p>La <strong>Facultad de Humanidades, Ciencias Sociales y de la Salud de la Universidad Nacional de Santiago del Estero (UNSE) <\/strong>puso en marcha el <strong>Trayecto Pedag\u00f3gico para las Pr\u00e1cticas de la Ense\u00f1anza,<\/strong> una nueva propuesta de formaci\u00f3n destinada a profesionales del \u00e1rea de las Ciencias Sociales que deseen acceder a la habilitaci\u00f3n para ejercer la docencia en el Nivel Superior.<\/p>\n\n\n\n<p>La <strong>capacitaci\u00f3n<\/strong> cuenta con una <strong>carga horaria total de 720 horas<\/strong>, se desarrollar\u00e1 a lo largo de un a\u00f1o y se encuentra avalada por la <strong>Resoluci\u00f3n CD FHCSyS N\u00b0 202\/2024. <\/strong>Est\u00e1 dirigida a abogados, contadores, escribanos, licenciados en Ciencias Pol\u00edticas, Econom\u00eda y Derecho, as\u00ed como a t\u00e9cnicos y profesionales de \u00e1reas afines, que posean t\u00edtulo de nivel superior, terciario o universitario.<\/p>\n\n\n\n<p>Desde la unidad acad\u00e9mica informaron que el trayecto se dictar\u00e1 bajo <strong>modalidad semipresencial,<\/strong> con dos encuentros mensuales: uno presencial, que se realizar\u00e1 los <strong>d\u00edas s\u00e1bados<\/strong> en la sede de la <strong>Facultad de Humanidades<\/strong>, y otro de car\u00e1cter virtual. Esta modalidad permite articular instancias de formaci\u00f3n te\u00f3rica con pr\u00e1cticas pedag\u00f3gicas orientadas al ejercicio docente.<\/p>\n\n\n\n<p>El <strong>inicio de clases<\/strong> est\u00e1 previsto para el <strong>s\u00e1bado 14 de marzo.<\/strong> La propuesta habilita formalmente para la ense\u00f1anza en el Nivel Superior y se presenta como una herramienta clave para fortalecer la formaci\u00f3n pedag\u00f3gica y ampliar las oportunidades de inserci\u00f3n profesional de quienes provienen de disciplinas no docentes.<\/p>\n\n\n\n<p>Las personas interesadas en obtener m\u00e1s informaci\u00f3n o realizar consultas pueden comunicarse a los tel\u00e9fonos 385-5854901 o 385-5738666, o bien ingresar al sitio web oficial de la Facultad de Humanidades de la UNSE.<\/p>\n\n\n\n<p><\/p>\n","protected":false},"excerpt":{"rendered":"<p>La nueva propuesta de la Facultad de Humanidades de la UNSE est\u00e1 orientada a profesionales de las Ciencias Sociales que buscan habilitarse para la docencia, con modalidad semipresencial y certificaci\u00f3n universitaria.<\/p>\n","protected":false},"author":2,"featured_media":81504,"comment_status":"open","ping_status":"open","sticky":false,"template":"","format":"standard","meta":{"om_disable_all_campaigns":false,"_monsterinsights_skip_tracking":false,"_monsterinsights_sitenote_active":false,"_monsterinsights_sitenote_note":"","_monsterinsights_sitenote_category":0,"_uf_show_specific_survey":0,"_uf_disable_surveys":false,"jetpack_post_was_ever_published":false,"_jetpack_newsletter_access":"","_jetpack_dont_email_post_to_subs":false,"_jetpack_newsletter_tier_id":0,"_jetpack_memberships_contains_paywalled_content":false,"_jetpack_memberships_contains_paid_content":false,"footnotes":"","jetpack_publicize_message":"","jetpack_publicize_feature_enabled":true,"jetpack_social_post_already_shared":true,"jetpack_social_options":{"image_generator_settings":{"template":"highway","default_image_id":0,"font":"","enabled":false},"version":2}},"categories":[4,19],"tags":[999,74],"class_list":["post-81503","post","type-post","status-publish","format-standard","has-post-thumbnail","hentry","category-destacadas","category-educacion","tag-facultad-de-humanidades","tag-unse"],"aioseo_notices":[],"views":9,"jetpack_publicize_connections":[],"jetpack_featured_media_url":"https:\/\/i0.wp.com\/elterritorialweb.com.ar\/web\/wp-content\/uploads\/2026\/02\/HumanidadesFachada3.jpg?fit=1280%2C720&ssl=1","jetpack_sharing_enabled":true,"_links":{"self":[{"href":"https:\/\/elterritorialweb.com.ar\/web\/wp-json\/wp\/v2\/posts\/81503","targetHints":{"allow":["GET"]}}],"collection":[{"href":"https:\/\/elterritorialweb.com.ar\/web\/wp-json\/wp\/v2\/posts"}],"about":[{"href":"https:\/\/elterritorialweb.com.ar\/web\/wp-json\/wp\/v2\/types\/post"}],"author":[{"embeddable":true,"href":"https:\/\/elterritorialweb.com.ar\/web\/wp-json\/wp\/v2\/users\/2"}],"replies":[{"embeddable":true,"href":"https:\/\/elterritorialweb.com.ar\/web\/wp-json\/wp\/v2\/comments?post=81503"}],"version-history":[{"count":1,"href":"https:\/\/elterritorialweb.com.ar\/web\/wp-json\/wp\/v2\/posts\/81503\/revisions"}],"predecessor-version":[{"id":81505,"href":"https:\/\/elterritorialweb.com.ar\/web\/wp-json\/wp\/v2\/posts\/81503\/revisions\/81505"}],"wp:featuredmedia":[{"embeddable":true,"href":"https:\/\/elterritorialweb.com.ar\/web\/wp-json\/wp\/v2\/media\/81504"}],"wp:attachment":[{"href":"https:\/\/elterritorialweb.com.ar\/web\/wp-json\/wp\/v2\/media?parent=81503"}],"wp:term":[{"taxonomy":"category","embeddable":true,"href":"https:\/\/elterritorialweb.com.ar\/web\/wp-json\/wp\/v2\/categories?post=81503"},{"taxonomy":"post_tag","embeddable":true,"href":"https:\/\/elterritorialweb.com.ar\/web\/wp-json\/wp\/v2\/tags?post=81503"}],"curies":[{"name":"wp","href":"https:\/\/api.w.org\/{rel}","templated":true}]}}