{"id":81510,"date":"2026-02-04T14:12:07","date_gmt":"2026-02-04T14:12:07","guid":{"rendered":"https:\/\/elterritorialweb.com.ar\/web\/?p=81510"},"modified":"2026-02-04T14:12:52","modified_gmt":"2026-02-04T14:12:52","slug":"rentas-municipal-habilito-el-pago-anual-adelantado-con-descuentos","status":"publish","type":"post","link":"https:\/\/elterritorialweb.com.ar\/web\/rentas-municipal-habilito-el-pago-anual-adelantado-con-descuentos\/","title":{"rendered":"RENTAS MUNICIPAL HABILIT\u00d3 EL PAGO ANUAL ADELANTADO CON DESCUENTOS"},"content":{"rendered":"\n<p>La <strong>Direcci\u00f3n General de Rentas de la Municipalidad de la Capital <\/strong>inform\u00f3 que se encuentra vigente, hasta el <strong>pr\u00f3ximo 28 de febrero<\/strong>, la posibilidad de realizar el pago anual adelantado de tributos municipales, con importantes beneficios econ\u00f3micos para los contribuyentes.<\/p>\n\n\n\n<p>La medida contempla un 10% de descuento general y un 40% de descuento para quienes se encuentren al d\u00eda con sus obligaciones. Adem\u00e1s, contin\u00faan los beneficios especiales destinados a distintos sectores: jubilados y pensionados pueden acceder a descuentos de entre el 50% y el 80%; personas con discapacidad cuentan con un 80% de descuento; empleados municipales, jubilados y pensionados municipales obtienen un 50% de bonificaci\u00f3n; mientras que veteranos de guerra y hogares bajo la l\u00ednea de indigencia acceden a un 100% de descuento, abonando \u00fanicamente el FAS de $400 mensuales.<\/p>\n\n\n\n<p>Desde Rentas indicaron que las boletas pueden descargarse a trav\u00e9s del sistema de autogesti\u00f3n o solicitarse mediante los WhatsApp oficiales 3853021418 y 3855146647. El pago puede realizarse por transferencia bancaria, Red Link, Rapipago, de manera<\/p>\n\n\n\n<p><\/p>\n","protected":false},"excerpt":{"rendered":"<p>La Municipalidad de la Capital ofrece bonificaciones de hasta el 40% para contribuyentes al d\u00eda y amplios beneficios para jubilados, personas con discapacidad y otros sectores.<\/p>\n","protected":false},"author":2,"featured_media":81511,"comment_status":"open","ping_status":"open","sticky":false,"template":"","format":"standard","meta":{"om_disable_all_campaigns":false,"_monsterinsights_skip_tracking":false,"_monsterinsights_sitenote_active":false,"_monsterinsights_sitenote_note":"","_monsterinsights_sitenote_category":0,"_uf_show_specific_survey":0,"_uf_disable_surveys":false,"jetpack_post_was_ever_published":false,"_jetpack_newsletter_access":"","_jetpack_dont_email_post_to_subs":false,"_jetpack_newsletter_tier_id":0,"_jetpack_memberships_contains_paywalled_content":false,"_jetpack_memberships_contains_paid_content":false,"footnotes":"","jetpack_publicize_message":"","jetpack_publicize_feature_enabled":true,"jetpack_social_post_already_shared":true,"jetpack_social_options":{"image_generator_settings":{"template":"highway","default_image_id":0,"font":"","enabled":false},"version":2}},"categories":[4,21],"tags":[73],"class_list":["post-81510","post","type-post","status-publish","format-standard","has-post-thumbnail","hentry","category-destacadas","category-locales","tag-municipalidad-de-la-capital"],"aioseo_notices":[],"views":12,"jetpack_publicize_connections":[],"jetpack_featured_media_url":"https:\/\/i0.wp.com\/elterritorialweb.com.ar\/web\/wp-content\/uploads\/2026\/02\/IMG-20260203-WA0041.jpg?fit=1280%2C908&ssl=1","jetpack_sharing_enabled":true,"_links":{"self":[{"href":"https:\/\/elterritorialweb.com.ar\/web\/wp-json\/wp\/v2\/posts\/81510","targetHints":{"allow":["GET"]}}],"collection":[{"href":"https:\/\/elterritorialweb.com.ar\/web\/wp-json\/wp\/v2\/posts"}],"about":[{"href":"https:\/\/elterritorialweb.com.ar\/web\/wp-json\/wp\/v2\/types\/post"}],"author":[{"embeddable":true,"href":"https:\/\/elterritorialweb.com.ar\/web\/wp-json\/wp\/v2\/users\/2"}],"replies":[{"embeddable":true,"href":"https:\/\/elterritorialweb.com.ar\/web\/wp-json\/wp\/v2\/comments?post=81510"}],"version-history":[{"count":1,"href":"https:\/\/elterritorialweb.com.ar\/web\/wp-json\/wp\/v2\/posts\/81510\/revisions"}],"predecessor-version":[{"id":81512,"href":"https:\/\/elterritorialweb.com.ar\/web\/wp-json\/wp\/v2\/posts\/81510\/revisions\/81512"}],"wp:featuredmedia":[{"embeddable":true,"href":"https:\/\/elterritorialweb.com.ar\/web\/wp-json\/wp\/v2\/media\/81511"}],"wp:attachment":[{"href":"https:\/\/elterritorialweb.com.ar\/web\/wp-json\/wp\/v2\/media?parent=81510"}],"wp:term":[{"taxonomy":"category","embeddable":true,"href":"https:\/\/elterritorialweb.com.ar\/web\/wp-json\/wp\/v2\/categories?post=81510"},{"taxonomy":"post_tag","embeddable":true,"href":"https:\/\/elterritorialweb.com.ar\/web\/wp-json\/wp\/v2\/tags?post=81510"}],"curies":[{"name":"wp","href":"https:\/\/api.w.org\/{rel}","templated":true}]}}