{"id":81518,"date":"2026-02-05T00:08:14","date_gmt":"2026-02-05T00:08:14","guid":{"rendered":"https:\/\/elterritorialweb.com.ar\/web\/?p=81518"},"modified":"2026-02-05T00:08:16","modified_gmt":"2026-02-05T00:08:16","slug":"fuentes-superviso-la-etapa-final-del-nuevo-jardin-de-infantes-papa-francisco","status":"publish","type":"post","link":"https:\/\/elterritorialweb.com.ar\/web\/fuentes-superviso-la-etapa-final-del-nuevo-jardin-de-infantes-papa-francisco\/","title":{"rendered":"FUENTES SUPERVIS\u00d3 LA ETAPA FINAL DEL NUEVO JARD\u00cdN DE INFANTES PAPA FRANCISCO"},"content":{"rendered":"\n<p>La intendente de la Capital, Ing. <strong>Norma Fuentes<\/strong>, supervis\u00f3 la \u00faltima etapa de la obra de construcci\u00f3n del <strong>nuevo jard\u00edn de infantes municipal N.\u00ba 27 \u201cPapa Francisco\u201d<\/strong>, un moderno edificio con orientaci\u00f3n ambiental ubicado en el <strong>barrio Saint Germ\u00e9s<\/strong>, delimitado por las calles Perito Moreno, Col\u00f3n, Franklin Moyano y Santa Mar\u00eda Magdalena.<\/p>\n\n\n\n<p>El establecimiento ser\u00e1 inaugurado pr\u00f3ximamente y est\u00e1 <strong>proyectado para iniciar sus actividades durante el ciclo lectivo 2026<\/strong>. La propuesta educativa apunta a que los alumnos desarrollen experiencias de aprendizaje que estimulen el conocimiento integral, acompa\u00f1ados por directivos y docentes especializados en educaci\u00f3n ambiental y rob\u00f3tica.<\/p>\n\n\n\n<p>El dise\u00f1o del jard\u00edn contempla espacios especialmente pensados para el contacto con la naturaleza y la sostenibilidad, como huertas ecol\u00f3gicas que permitir\u00e1n a los ni\u00f1os aprender sobre el cultivo de alimentos y tomar conciencia sobre el cuidado del ambiente. Asimismo, contar\u00e1 con un parquizado con especies vegetales aut\u00f3ctonas, contribuyendo a la preservaci\u00f3n de la biodiversidad local.<\/p>\n\n\n\n<p>La infraestructura incluir\u00e1, adem\u00e1s, un laboratorio, una sala de arte, una ludoteca y un anfiteatro. En materia de energ\u00edas renovables y seguridad, el edificio dispondr\u00e1 de termotanques solares, juegos infantiles con pisos antigolpes, un molino de viento y un circuito deportivo, recreativo y de estar, con un sistema de alumbrado compuesto mayoritariamente por artefactos de iluminaci\u00f3n solar.<\/p>\n\n\n\n<p>Durante la recorrida, la intendente <strong>Fuentes<\/strong> estuvo acompa\u00f1ada por el secretario de Planeamiento, Obras y Servicios P\u00fablicos, <strong>Jorge Villa; <\/strong>el secretario de Gobierno, <strong>Walter Medina<\/strong> Salom\u00f3n; las subsecretarias de Obras P\u00fablicas, <strong>Rosa Allalla<\/strong>, y de Educaci\u00f3n y Desarrollo Comunitario, <strong>Nancy Bravo<\/strong>; y la directora de Educaci\u00f3n, <strong>Josefina Muratore<\/strong>.<\/p>\n\n\n\n<p>Con este nuevo emprendimiento, la comuna capitalina busca fortalecer la educaci\u00f3n inicial desde una perspectiva integral, promoviendo la conciencia ambiental desde temprana edad y ofreciendo a la comunidad un espacio educativo innovador, creativo y en armon\u00eda con el entorno natural.<\/p>\n","protected":false},"excerpt":{"rendered":"<p>El establecimiento municipal, con orientaci\u00f3n ambiental, ser\u00e1 inaugurado pr\u00f3ximamente y comenzar\u00e1 a funcionar en el ciclo lectivo 2026 en el barrio Saint Germ\u00e9s.<\/p>\n","protected":false},"author":2,"featured_media":81519,"comment_status":"open","ping_status":"open","sticky":false,"template":"","format":"standard","meta":{"om_disable_all_campaigns":false,"_monsterinsights_skip_tracking":false,"_monsterinsights_sitenote_active":false,"_monsterinsights_sitenote_note":"","_monsterinsights_sitenote_category":0,"_uf_show_specific_survey":0,"_uf_disable_surveys":false,"jetpack_post_was_ever_published":false,"_jetpack_newsletter_access":"","_jetpack_dont_email_post_to_subs":false,"_jetpack_newsletter_tier_id":0,"_jetpack_memberships_contains_paywalled_content":false,"_jetpack_memberships_contains_paid_content":false,"footnotes":"","jetpack_publicize_message":"","jetpack_publicize_feature_enabled":true,"jetpack_social_post_already_shared":true,"jetpack_social_options":{"image_generator_settings":{"template":"highway","default_image_id":0,"font":"","enabled":false},"version":2}},"categories":[4,21],"tags":[73,116],"class_list":["post-81518","post","type-post","status-publish","format-standard","has-post-thumbnail","hentry","category-destacadas","category-locales","tag-municipalidad-de-la-capital","tag-norma-fuentes"],"aioseo_notices":[],"views":8,"jetpack_publicize_connections":[],"jetpack_featured_media_url":"https:\/\/i0.wp.com\/elterritorialweb.com.ar\/web\/wp-content\/uploads\/2026\/02\/Intendente-jardin-obra.jpg?fit=1600%2C1066&ssl=1","jetpack_sharing_enabled":true,"_links":{"self":[{"href":"https:\/\/elterritorialweb.com.ar\/web\/wp-json\/wp\/v2\/posts\/81518","targetHints":{"allow":["GET"]}}],"collection":[{"href":"https:\/\/elterritorialweb.com.ar\/web\/wp-json\/wp\/v2\/posts"}],"about":[{"href":"https:\/\/elterritorialweb.com.ar\/web\/wp-json\/wp\/v2\/types\/post"}],"author":[{"embeddable":true,"href":"https:\/\/elterritorialweb.com.ar\/web\/wp-json\/wp\/v2\/users\/2"}],"replies":[{"embeddable":true,"href":"https:\/\/elterritorialweb.com.ar\/web\/wp-json\/wp\/v2\/comments?post=81518"}],"version-history":[{"count":1,"href":"https:\/\/elterritorialweb.com.ar\/web\/wp-json\/wp\/v2\/posts\/81518\/revisions"}],"predecessor-version":[{"id":81520,"href":"https:\/\/elterritorialweb.com.ar\/web\/wp-json\/wp\/v2\/posts\/81518\/revisions\/81520"}],"wp:featuredmedia":[{"embeddable":true,"href":"https:\/\/elterritorialweb.com.ar\/web\/wp-json\/wp\/v2\/media\/81519"}],"wp:attachment":[{"href":"https:\/\/elterritorialweb.com.ar\/web\/wp-json\/wp\/v2\/media?parent=81518"}],"wp:term":[{"taxonomy":"category","embeddable":true,"href":"https:\/\/elterritorialweb.com.ar\/web\/wp-json\/wp\/v2\/categories?post=81518"},{"taxonomy":"post_tag","embeddable":true,"href":"https:\/\/elterritorialweb.com.ar\/web\/wp-json\/wp\/v2\/tags?post=81518"}],"curies":[{"name":"wp","href":"https:\/\/api.w.org\/{rel}","templated":true}]}}