{"id":81521,"date":"2026-02-05T04:18:00","date_gmt":"2026-02-05T04:18:00","guid":{"rendered":"https:\/\/elterritorialweb.com.ar\/web\/?p=81521"},"modified":"2026-02-05T04:18:03","modified_gmt":"2026-02-05T04:18:03","slug":"las-termas-de-rio-hondo-se-prepara-para-una-nueva-edicion-de-la-fiesta-regional-de-la-cerveza-artesanal","status":"publish","type":"post","link":"https:\/\/elterritorialweb.com.ar\/web\/las-termas-de-rio-hondo-se-prepara-para-una-nueva-edicion-de-la-fiesta-regional-de-la-cerveza-artesanal\/","title":{"rendered":"LAS TERMAS DE R\u00cdO HONDO SE PREPARA PARA UNA NUEVA EDICI\u00d3N DE LA FIESTA REGIONAL DE LA CERVEZA ARTESANAL"},"content":{"rendered":"\n<p>Las <strong>Termas de R\u00edo Hondo <\/strong>suma este fin de semana una propuesta destacada a su agenda cultural y tur\u00edstica con una nueva edici\u00f3n de la <strong>Fiesta Regional de la Cerveza Artesanal<\/strong>, que se desarrollar\u00e1 los d\u00edas <strong>viernes 6 <\/strong>y <strong>s\u00e1bado 7 de febrero<\/strong>. El evento convoca a productores cerveceros de la regi\u00f3n y a p\u00fablico local y visitante, consolid\u00e1ndose como un espacio de encuentro para los amantes de la cultura cervecera.<\/p>\n\n\n\n<p>La <strong>actividad<\/strong> tendr\u00e1 lugar en el <strong>predio Kori Killa<\/strong>, con apertura de puertas a<strong> partir de las 20:00 horas,<\/strong> en un entorno pensado para disfrutar de las noches de verano al aire libre.<\/p>\n\n\n\n<p>Desde la organizaci\u00f3n municipal se inform\u00f3 que la propuesta incluir\u00e1 una <strong>variada agenda de gastronom\u00eda y entretenimiento<\/strong>, con una amplia oferta de <strong>cervezas artesanales<\/strong>, que permitir\u00e1 degustar distintos estilos elaborados en la regi\u00f3n. Adem\u00e1s, ambas jornadas contar\u00e1n con <strong>m\u00fasica en vivo, a cargo de bandas locales y DJs<\/strong>, aportando ritmo y animaci\u00f3n al festival.<\/p>\n\n\n\n<p>El <strong>p\u00fablico<\/strong> tambi\u00e9n podr\u00e1 <strong>acceder a beneficios<\/strong> y <strong>sorteos<\/strong>, entre ellos el <strong>tradicional Happy Hour<\/strong>, con promociones especiales y actividades interactivas pensadas para toda la familia.<\/p>\n\n\n\n<p>En ese sentido, los organizadores destacaron que la <strong>Fiesta Regional de la Cerveza Artesanal <\/strong>constituye una <strong>herramienta clave para impulsar el turismo y dinamizar la econom\u00eda local<\/strong>, al tiempo que posiciona a Las Termas de R\u00edo Hondo como un destino que ofrece experiencias diversas, complementarias a su reconocida propuesta termal.<\/p>\n\n\n\n<p><\/p>\n","protected":false},"excerpt":{"rendered":"<p>El viernes 6 y s\u00e1bado 7 de febrero, el predio Kori Killa ser\u00e1 escenario de un encuentro que combina producci\u00f3n local, gastronom\u00eda y m\u00fasica en vivo, en el marco del calendario de eventos 2026.<\/p>\n","protected":false},"author":2,"featured_media":81522,"comment_status":"open","ping_status":"open","sticky":false,"template":"","format":"standard","meta":{"om_disable_all_campaigns":false,"_monsterinsights_skip_tracking":false,"_monsterinsights_sitenote_active":false,"_monsterinsights_sitenote_note":"","_monsterinsights_sitenote_category":0,"_uf_show_specific_survey":0,"_uf_disable_surveys":false,"jetpack_post_was_ever_published":false,"_jetpack_newsletter_access":"","_jetpack_dont_email_post_to_subs":false,"_jetpack_newsletter_tier_id":0,"_jetpack_memberships_contains_paywalled_content":false,"_jetpack_memberships_contains_paid_content":false,"footnotes":"","jetpack_publicize_message":"","jetpack_publicize_feature_enabled":true,"jetpack_social_post_already_shared":true,"jetpack_social_options":{"image_generator_settings":{"template":"highway","default_image_id":0,"font":"","enabled":false},"version":2}},"categories":[4,633],"tags":[898],"class_list":["post-81521","post","type-post","status-publish","format-standard","has-post-thumbnail","hentry","category-destacadas","category-termas-de-rio-hondo","tag-fiesta-regional-de-la-cerveza-artesanal"],"aioseo_notices":[],"views":33,"jetpack_publicize_connections":[],"jetpack_featured_media_url":"https:\/\/i0.wp.com\/elterritorialweb.com.ar\/web\/wp-content\/uploads\/2026\/02\/termas.jpg?fit=1200%2C803&ssl=1","jetpack_sharing_enabled":true,"_links":{"self":[{"href":"https:\/\/elterritorialweb.com.ar\/web\/wp-json\/wp\/v2\/posts\/81521","targetHints":{"allow":["GET"]}}],"collection":[{"href":"https:\/\/elterritorialweb.com.ar\/web\/wp-json\/wp\/v2\/posts"}],"about":[{"href":"https:\/\/elterritorialweb.com.ar\/web\/wp-json\/wp\/v2\/types\/post"}],"author":[{"embeddable":true,"href":"https:\/\/elterritorialweb.com.ar\/web\/wp-json\/wp\/v2\/users\/2"}],"replies":[{"embeddable":true,"href":"https:\/\/elterritorialweb.com.ar\/web\/wp-json\/wp\/v2\/comments?post=81521"}],"version-history":[{"count":1,"href":"https:\/\/elterritorialweb.com.ar\/web\/wp-json\/wp\/v2\/posts\/81521\/revisions"}],"predecessor-version":[{"id":81523,"href":"https:\/\/elterritorialweb.com.ar\/web\/wp-json\/wp\/v2\/posts\/81521\/revisions\/81523"}],"wp:featuredmedia":[{"embeddable":true,"href":"https:\/\/elterritorialweb.com.ar\/web\/wp-json\/wp\/v2\/media\/81522"}],"wp:attachment":[{"href":"https:\/\/elterritorialweb.com.ar\/web\/wp-json\/wp\/v2\/media?parent=81521"}],"wp:term":[{"taxonomy":"category","embeddable":true,"href":"https:\/\/elterritorialweb.com.ar\/web\/wp-json\/wp\/v2\/categories?post=81521"},{"taxonomy":"post_tag","embeddable":true,"href":"https:\/\/elterritorialweb.com.ar\/web\/wp-json\/wp\/v2\/tags?post=81521"}],"curies":[{"name":"wp","href":"https:\/\/api.w.org\/{rel}","templated":true}]}}